{"id":1008,"date":"2021-04-13T09:14:00","date_gmt":"2021-04-13T07:14:00","guid":{"rendered":"https:\/\/xn--mobilitts-scouts-1nb.at\/?p=1008"},"modified":"2021-04-19T09:12:58","modified_gmt":"2021-04-19T07:12:58","slug":"woran-erkennt-man-dass-eine-person-alt-ist","status":"publish","type":"post","link":"https:\/\/xn--mobilitts-scouts-1nb.at\/?p=1008","title":{"rendered":"Woran erkennt man, dass eine Person alt ist?"},"content":{"rendered":"\n<h2>Ab wann ist man alt?<\/h2>\n\n\n\n<h3><strong>Was sagt ein 7-j\u00e4hriges Kind? Was sagt ein Teenager? <\/strong><br><strong>Was sagt ein Mann in seinen besten Jahren?<\/strong><\/h3>\n\n\n\n<p>Die Zuschreibung \u201ealt\u201c erh\u00e4lt ein Mensch meist durch andere. Sie ereilt einen in der Regel bevor man selbst davon Notiz nimmt. &nbsp;So nennen 17-J\u00e4hrige ihre 40-j\u00e4hrigen Eltern \u201emeine Alten\u201c.&nbsp; Ein 7-j\u00e4hriges Kind sagt schon mal zur 20-j\u00e4hrigen Tante \u201eBist du aber alt!\u201c Und&nbsp; auch 65-J\u00e4hrige beschreiben ihre&nbsp; 55-j\u00e4hrigen Mitmenschen nicht selten mit \u201eDer ist aber alt.\u201c.<\/p>\n\n\n\n<p><strong>\u201eIch jung, du alt\u201c<\/strong> \u2013 aus dem Mund eines Kindes gegen\u00fcber seinen Gro\u00dfeltern hat diese Sichtweise Berechtigung. Befremdlich wird sie, wenn das \u201eIch\u201c gleich alt oder sogar \u00e4lter als das \u201edu\u201c ist.<\/p>\n\n\n\n<div class=\"wp-block-group\"><div class=\"wp-block-group__inner-container\">\n<p><strong>Ist Alter subjektiv und relativ?<\/strong> <br>Schon mal herumgefragt? Die Antworten sind so unterschiedlich, wie die Menschen. Hier nur einige Beispiele.&nbsp; <br><strong>Alt ist man<\/strong>, <br>&#8211;   \u201ewenn\u2018s st\u00e4ndig zwickt und schmerzt\u201c<br>&#8211;   \u201ewenn jede Mahlzeit mit bunten Pillen garniert wird\u201c<br>&#8211;   &#8222;ab 70&#8220; oder  &#8222;ab 85&#8220;<br>&#8211;   \u201ewenn man nicht mehr so aktiv und unbeschwert ist\u201c<br>&#8211;   \u201ewenn man \u00f6fter im Wartezimmer beim Arzt sitzt als im Wirtshaus am Stammtisch\u201c.<\/p>\n\n\n\n<div class=\"wp-block-group\"><div class=\"wp-block-group__inner-container\">\n<div class=\"wp-block-group\"><div class=\"wp-block-group__inner-container\">\n<p>Selten wird eine Jahreszahl angegeben, die das Alter symbolisiert. Es sind eher die k\u00f6rperlichen und geistigen Einschr\u00e4nkungen, die eine Person \u00fcber 50 Jahren sagen lassen &#8222;Ich f\u00fchle mich alt&#8220; oder &#8222;Jetzt bin ich alt&#8220;.<\/p>\n<\/div><\/div>\n<\/div><\/div>\n\n\n\n<p>Bei Frauen ist es h\u00e4ufig der Moment, in dem sie die ersten Falten, grauen Haare oder braunen Flecken auf der Haut bemerken. Sie verbinden Jungsein gern  mit attraktiv und begehrt sein. &#8222;Wenn sich kein Mann mehr nach mir umdreht, dann bin ich alt&#8220;, formulierte es eine Frau j\u00fcngst. <\/p>\n<\/div><\/div>\n\n\n\n<p><strong>Erstaunlich <\/strong><br>Je \u00e4lter die Befragten, umso h\u00f6her der Anteil derer, die sich \u201enoch nicht alt\u201c f\u00fchlen im Vergleich zu j\u00fcngeren Altersgruppen. Umso ges\u00fcnder und agiler die Menschen sind, desto h\u00f6her ist die subjektive Differenz zwischen tats\u00e4chlichem und gef\u00fchltem Lebensalter.<\/p>\n\n\n\n<p><strong>Das biologische Alter allein hat meist wenig zu tun damit, ob sich jemand alt f\u00fchlt oder nicht. <\/strong>Nicht selten trifft man auf 80-J\u00e4hrige, die voll im Leben stehen, einen aktiven Lebenswandel f\u00fchren von fr\u00fch bis sp\u00e4t und sagen: \u201eIch bin reich an Erfahrungen, aber nicht alt!\u201c<\/p>\n\n\n\n<p class=\"has-drop-cap\"><em><strong>Wir sind neugierig. Schreiben Sie uns Ihre Gedanken zu dem Thema!<\/strong><br><strong>Ab wann ist man alt? Schon mal dar\u00fcber nachgedacht? Was sagen Sie?<br>info@mobilit\u00e4ts-scouts.at<\/strong><\/em> <\/p>\n","protected":false},"excerpt":{"rendered":"<p>Ab wann ist man alt? Was sagt ein 7-j\u00e4hriges Kind? Was sagt ein Teenager? Was sagt ein Mann in seinen besten Jahren? Die Zuschreibung \u201ealt\u201c erh\u00e4lt ein Mensch meist durch andere. Sie ereilt einen in der Regel bevor man selbst davon Notiz nimmt. &nbsp;So nennen 17-J\u00e4hrige ihre 40-j\u00e4hrigen Eltern \u201emeine Alten\u201c.&nbsp; Ein 7-j\u00e4hriges Kind sagt [&hellip;]<\/p>\n","protected":false},"author":14,"featured_media":0,"comment_status":"open","ping_status":"closed","sticky":false,"template":"","format":"standard","meta":{"_et_pb_use_builder":"off","_et_pb_old_content":"<!-- wp:heading -->\n<h2>Ab wann ist man alt?<\/h2>\n<!-- \/wp:heading -->\n\n<!-- wp:heading {\"level\":3} -->\n<h3><strong>Was sagt ein 7-j\u00e4hriges Kind? Was sagt ein Teenager? <\/strong><br><strong>Was sagt ein Mann in seinen besten Jahren?<\/strong><\/h3>\n<!-- \/wp:heading -->\n\n<!-- wp:paragraph -->\n<p>Die Zuschreibung \u201ealt\u201c erh\u00e4lt ein Mensch meist durch andere. Sie ereilt einen in der Regel bevor man selbst davon Notiz nimmt. &nbsp;So nennen 17-J\u00e4hrige ihre 40-j\u00e4hrigen Eltern \u201emeine Alten\u201c.&nbsp; Ein 7j\u00e4hriges Kind sagt schon mal zur 20-j\u00e4hrigen Tante \u201eBist du aber alt!\u201c Und&nbsp; auch 65-J\u00e4hrige beschreiben ihre&nbsp; 55-j\u00e4hrigen Mitmenschen nicht selten mit \u201eDer ist aber alt.\u201c.<\/p>\n<!-- \/wp:paragraph -->\n\n<!-- wp:paragraph -->\n<p><strong>\u201eIch jung, du alt\u201c<\/strong> \u2013 aus dem Mund eines Kindes gegen\u00fcber seinen Gro\u00dfeltern hat diese Sichtweise Berechtigung. Befremdlich wird sie, wenn das \u201eIch\u201c gleich alt oder sogar \u00e4lter als das \u201edu\u201c ist.<\/p>\n<!-- \/wp:paragraph -->\n\n<!-- wp:group -->\n<div class=\"wp-block-group\"><div class=\"wp-block-group__inner-container\"><!-- wp:paragraph -->\n<p><strong>Ist Alter subjektiv und relativ?<\/strong> <br>Schon mal herumgefragt? Die Antworten sind so unterschiedlich, wie die Menschen. Hier nur einige Beispiele.&nbsp; <br><strong>Alt ist man<\/strong>, <br>-   \u201ewenn\u2018s st\u00e4ndig zwickt und schmerzt\u201c<br>-   \u201ewenn jede Mahlzeit mit bunten Pillen garniert wird\u201c<br>-   \"ab 70\" oder  \"ab 85\"<br>-   \u201ewenn man nicht mehr so aktiv und unbeschwert ist\u201c<br>-   \u201ewenn man \u00f6fter im Wartezimmer beim Arzt sitzt als im Wirtshaus am Stammtisch\u201c.<\/p>\n<!-- \/wp:paragraph -->\n\n<!-- wp:group -->\n<div class=\"wp-block-group\"><div class=\"wp-block-group__inner-container\"><!-- wp:group -->\n<div class=\"wp-block-group\"><div class=\"wp-block-group__inner-container\"><!-- wp:paragraph -->\n<p>Selten wird eine Jahreszahl angegeben, die das Alter symbolisiert. Es sind eher die k\u00f6rperlichen und geistigen Einschr\u00e4nkungen, die eine Person \u00fcber 50 Jahren sagen lassen \"Ich f\u00fchle mich alt\" oder \"Jetzt bin ich alt\".<\/p>\n<!-- \/wp:paragraph --><\/div><\/div>\n<!-- \/wp:group --><\/div><\/div>\n<!-- \/wp:group -->\n\n<!-- wp:paragraph -->\n<p>Bei Frauen ist es h\u00e4ufig der Moment, in dem sie die ersten Falten, grauen Haare oder braunen Flecken auf der Haut bemerken. Sie verbinden Jungsein gern  mit attraktiv und begehrt sein. \"Wenn sich kein Mann mehr nach mir umdreht, dann bin ich alt\", formulierte es eine Frau j\u00fcngst. <\/p>\n<!-- \/wp:paragraph --><\/div><\/div>\n<!-- \/wp:group -->\n\n<!-- wp:paragraph -->\n<p><strong>Erstaunlich <\/strong><br>Je \u00e4lter die Befragten, umso h\u00f6her der Anteil derer, die sich \u201enoch nicht alt\u201c f\u00fchlen im Vergleich zu j\u00fcngeren Altersgruppen. Umso ges\u00fcnder und agiler die Menschen sind, desto h\u00f6her ist die subjektive Differenz zwischen tats\u00e4chlichem und gef\u00fchltem Lebensalter.<\/p>\n<!-- \/wp:paragraph -->\n\n<!-- wp:paragraph -->\n<p><strong>Das biologische Alter allein hat meist wenig zu tun damit, ob sich jemand alt f\u00fchlt oder nicht. <\/strong>Nicht selten trifft man auf 80-J\u00e4hrige, die voll im Leben stehen, einen aktiven Lebenswandel f\u00fchren von fr\u00fch bis sp\u00e4t und sagen: \u201eIch bin reich an Erfahrungen, aber nicht alt!\u201c<\/p>\n<!-- \/wp:paragraph -->\n\n<!-- wp:paragraph -->\n<p>Andere haben auch das gelesen:  \"Oma, du bist alt!\" <span class=\"has-inline-color has-vivid-red-color\">(Text Oma, du bist alt als Hyperlink einf\u00fcgen)<\/span><\/p>\n<!-- \/wp:paragraph -->\n\n<!-- wp:paragraph {\"dropCap\":true} -->\n<p class=\"has-drop-cap\"><em><strong>Wir sind neugierig. Schreiben Sie uns Ihre Gedanken zu dem Thema!<\/strong><br><strong>Ab wann ist man alt? Schon mal dar\u00fcber nachgedacht? Was sagen Sie?<br>info@mobilit\u00e4ts-scouts.at<\/strong><\/em><\/p>\n<!-- \/wp:paragraph -->","_et_gb_content_width":"2880"},"categories":[31],"tags":[59,61,64,68,67,66,60,65,69],"_links":{"self":[{"href":"https:\/\/xn--mobilitts-scouts-1nb.at\/index.php?rest_route=\/wp\/v2\/posts\/1008"}],"collection":[{"href":"https:\/\/xn--mobilitts-scouts-1nb.at\/index.php?rest_route=\/wp\/v2\/posts"}],"about":[{"href":"https:\/\/xn--mobilitts-scouts-1nb.at\/index.php?rest_route=\/wp\/v2\/types\/post"}],"author":[{"embeddable":true,"href":"https:\/\/xn--mobilitts-scouts-1nb.at\/index.php?rest_route=\/wp\/v2\/users\/14"}],"replies":[{"embeddable":true,"href":"https:\/\/xn--mobilitts-scouts-1nb.at\/index.php?rest_route=%2Fwp%2Fv2%2Fcomments&post=1008"}],"version-history":[{"count":24,"href":"https:\/\/xn--mobilitts-scouts-1nb.at\/index.php?rest_route=\/wp\/v2\/posts\/1008\/revisions"}],"predecessor-version":[{"id":1940,"href":"https:\/\/xn--mobilitts-scouts-1nb.at\/index.php?rest_route=\/wp\/v2\/posts\/1008\/revisions\/1940"}],"wp:attachment":[{"href":"https:\/\/xn--mobilitts-scouts-1nb.at\/index.php?rest_route=%2Fwp%2Fv2%2Fmedia&parent=1008"}],"wp:term":[{"taxonomy":"category","embeddable":true,"href":"https:\/\/xn--mobilitts-scouts-1nb.at\/index.php?rest_route=%2Fwp%2Fv2%2Fcategories&post=1008"},{"taxonomy":"post_tag","embeddable":true,"href":"https:\/\/xn--mobilitts-scouts-1nb.at\/index.php?rest_route=%2Fwp%2Fv2%2Ftags&post=1008"}],"curies":[{"name":"wp","href":"https:\/\/api.w.org\/{rel}","templated":true}]}}