{"id":1281,"date":"2021-07-07T14:18:29","date_gmt":"2021-07-07T12:18:29","guid":{"rendered":"https:\/\/xn--mobilitts-scouts-1nb.at\/?p=1281"},"modified":"2021-07-07T15:50:58","modified_gmt":"2021-07-07T13:50:58","slug":"wie-lebenswert-und-altersgerecht-ist-ihr-naeheres-wohnumfeld-teil-1","status":"publish","type":"post","link":"https:\/\/xn--mobilitts-scouts-1nb.at\/?p=1281","title":{"rendered":"Wie lebenswert und altersgerecht ist Ihr n\u00e4heres Wohnumfeld? Teil 1"},"content":{"rendered":"\n<p>Schon einmal dar\u00fcber nachgedacht, was <strong>Lebensqualit\u00e4t im Alter<\/strong> f\u00fcr Sie bedeutet? Ihre Wohnumgebung schon einmal genauer mit den Augen einer \u00e4lteren Person unter die Lupe genommen? &#8222;Warum soll ich mich jetzt damit auseinandersetzen was mir vielleicht in 10 oder 15 Jahren wichtig ist?&#8220; werden Sie sich vielleicht fragen. Nun, ich denke, es ist wichtig, sich rechtzeitig Gedanken zu machen \u00fcber das Thema &#8222;lebenswertes und altersgerechtes Wohnumfeld&#8220;. <strong>Ich lade Sie ein in den kommenden Wochen, gemeinsam mit mir das Thema zu beleuchten<\/strong>. Werden Sie sich bewusst, wo Sie leben und was dies unter Umst\u00e4nden f\u00fcr Sie in einigen Jahren bedeuten kann. <\/p>\n\n\n\n<p>Damit keine Missverst\u00e4ndnisse aufkommen. Wir n\u00e4hern uns in der 6-teiligen Sommer-Serie dem Thema &#8222;lebenswertes und altersgerechtes Wohnumfeld&#8220; nicht von der wissenschaftlichen, sondern von der praktischen Seite. Wir verwenden daf\u00fcr Beobachtungen, eigene und fremde Erfahrungen, insbesondere eigene W\u00fcnsche und Bed\u00fcrfnisse.<\/p>\n\n\n\n<h2>Weitgehend selbstbestimmt und unabh\u00e4ngig im gewohnten Umfeld leben ist m\u00f6glich? <\/h2>\n\n\n\n<p><strong>Werfen Sie einen genauen, ehrlichen und kritischen Blick auf Ihr Lebensumfeld,<\/strong> Ihr &#8222;Gr\u00e4tzl&#8220; um diese Frage klar beantworten zu k\u00f6nnen. Damit Sie ein angenehmes, weitgehend selbstbestimmtes, unabh\u00e4ngiges Leben auch im fortgeschrittenen Alter f\u00fchren k\u00f6nnen, m\u00fcssen einige  Voraussetzungen erf\u00fcllt und Rahmenbedingungen gegeben sein. Lassen Sie sie mich zusammenfassen als &#8222;lebenswertes&#8220; und &#8222;altersgerechtes&#8220; Wohnumfeld.<\/p>\n\n\n\n<p>Ihre heutige und morgige Lebensqualit\u00e4t und Zufriedenheit werden stark beeinflusst von dem<\/p>\n\n\n\n<ul><li>was Sie in Ihrem n\u00e4heren Wohnumfeld vorfinden wollen und was Sie tats\u00e4chlich vorfinden sowie<\/li><li>wie sich Ihr n\u00e4heres Lebensumfeld entwickeln wird.<\/li><\/ul>\n\n\n\n<p><strong>Ein angenehmes, weitgehend selbstbestimmtes, unabh\u00e4ngiges Leben f\u00fchren zu k\u00f6nnen in Ihrem gewohnten Wohnumfeld, ist Ihnen wichtig?<\/strong> Dann sollten Sie in den kommenden Wochen weiterlesen. Weiter geht es mit Teil 2 am Mittwoch, den 21.07. 2021!<\/p>\n\n\n\n<p><em>Ich w\u00fcnsche Ihnen eine interessante und kurzweilige Analyse Ihres Lebensumfeldes sowie wertvolle Informationen f\u00fcr die weitere Lebensgestaltung. <\/em><\/p>\n\n\n\n<p><em>Ihre Sophie Stein<\/em><\/p>\n\n\n\n<p><em>==&gt; Sie wollen Informationen und\/oder Ihre Erkenntnisse mit mir und anderen im world-wide-web teilen? Schreiben Sie an: info@mobilit\u00e4ts-scouts.at, Betreff: lebenswertes und altersgerechtes Wohnumfeld.<\/em><\/p>\n","protected":false},"excerpt":{"rendered":"<p>Schon einmal dar\u00fcber nachgedacht, was Lebensqualit\u00e4t im Alter f\u00fcr Sie bedeutet? Ihre Wohnumgebung schon einmal genauer mit den Augen einer \u00e4lteren Person unter die Lupe genommen? &#8222;Warum soll ich mich jetzt damit auseinandersetzen was mir vielleicht in 10 oder 15 Jahren wichtig ist?&#8220; werden Sie sich vielleicht fragen. Nun, ich denke, es ist wichtig, sich [&hellip;]<\/p>\n","protected":false},"author":14,"featured_media":0,"comment_status":"closed","ping_status":"closed","sticky":false,"template":"","format":"standard","meta":{"_et_pb_use_builder":"off","_et_pb_old_content":"<!-- wp:paragraph -->\n<p>Schon einmal dar\u00fcber nachgedacht, was Lebensqualit\u00e4t im Alter f\u00fcr Sie bedeutet? Ihre Wohnumgebung schon einmal genauer mit den Augen einer \u00e4lteren Person unter die Lupe genommen? \"Warum soll ich mich jetzt damit auseinandersetzen was mir vielleicht in 10 oder 15 Jahren wichtig ist?\" werden Sie sich vielleicht fragen. Nun, ich denke, es ist wichtig, sich rechtzeitig Gedanken zu machen \u00fcber das Thema \"lebenswertes und altersgerechtes Wohnumfeld\". Ich lade Sie ein, gemeinsam mit mir das Thema zu beleuchten. Werden Sie sich bewusst, wo Sie leben und was dies unter Umst\u00e4nden f\u00fcr Sie bedeuten kann in einigen Jahren. <\/p>\n<!-- \/wp:paragraph -->\n\n<!-- wp:heading -->\n<h2>Werfen Sie einen kritischen Blick auf Ihr Lebensumfeld, Ihr \"Gr\u00e4tzl\"!<\/h2>\n<!-- \/wp:heading -->\n\n<!-- wp:paragraph -->\n<p>Ihre heutige und morgige Lebensqualit\u00e4t und Zufriedenheit werden stark beeinflusst von dem <br><\/p>\n<!-- \/wp:paragraph -->\n\n<!-- wp:list -->\n<ul><li>was Sie in Ihrem n\u00e4heren Wohnumfeld vorfinden wollen und was Sie tats\u00e4chlich vorfinden sowie<\/li><\/ul>\n<!-- \/wp:list -->\n\n<!-- wp:list -->\n<ul><li>wie sich Ihr n\u00e4heres Lebensumfeld entwickeln wird.<\/li><\/ul>\n<!-- \/wp:list -->\n\n<!-- wp:paragraph -->\n<p>Um ein angenehmes, weitgehend selbstbestimmtes, unabh\u00e4ngiges Leben auch im fortgeschrittenen Alter f\u00fchren zu k\u00f6nnen, sind einige Voraussetzungen notwendig. Lassen Sie sie mich zusammenfassen unter den Begriffen \"lebenswertes\" und \"altersgerechtes\" Wohnumfeld.<\/p>\n<!-- \/wp:paragraph -->\n\n<!-- wp:paragraph -->\n<p><strong>Ein angenehmes, weitgehend selbstbestimmtes, unabh\u00e4ngiges Leben f\u00fchren zu k\u00f6nnen, ist Ihnen wichtig?<\/strong> Dann sollten Sie weiterlesen <span class=\"has-inline-color has-vivid-cyan-blue-color\">(Zum Anklicken oder Hyperlink)<\/span><\/p>\n<!-- \/wp:paragraph -->","_et_gb_content_width":""},"categories":[1,31,90],"tags":[91,104,98,107,96,105,108,92,99,100,102,106,93],"_links":{"self":[{"href":"https:\/\/xn--mobilitts-scouts-1nb.at\/index.php?rest_route=\/wp\/v2\/posts\/1281"}],"collection":[{"href":"https:\/\/xn--mobilitts-scouts-1nb.at\/index.php?rest_route=\/wp\/v2\/posts"}],"about":[{"href":"https:\/\/xn--mobilitts-scouts-1nb.at\/index.php?rest_route=\/wp\/v2\/types\/post"}],"author":[{"embeddable":true,"href":"https:\/\/xn--mobilitts-scouts-1nb.at\/index.php?rest_route=\/wp\/v2\/users\/14"}],"replies":[{"embeddable":true,"href":"https:\/\/xn--mobilitts-scouts-1nb.at\/index.php?rest_route=%2Fwp%2Fv2%2Fcomments&post=1281"}],"version-history":[{"count":155,"href":"https:\/\/xn--mobilitts-scouts-1nb.at\/index.php?rest_route=\/wp\/v2\/posts\/1281\/revisions"}],"predecessor-version":[{"id":2258,"href":"https:\/\/xn--mobilitts-scouts-1nb.at\/index.php?rest_route=\/wp\/v2\/posts\/1281\/revisions\/2258"}],"wp:attachment":[{"href":"https:\/\/xn--mobilitts-scouts-1nb.at\/index.php?rest_route=%2Fwp%2Fv2%2Fmedia&parent=1281"}],"wp:term":[{"taxonomy":"category","embeddable":true,"href":"https:\/\/xn--mobilitts-scouts-1nb.at\/index.php?rest_route=%2Fwp%2Fv2%2Fcategories&post=1281"},{"taxonomy":"post_tag","embeddable":true,"href":"https:\/\/xn--mobilitts-scouts-1nb.at\/index.php?rest_route=%2Fwp%2Fv2%2Ftags&post=1281"}],"curies":[{"name":"wp","href":"https:\/\/api.w.org\/{rel}","templated":true}]}}