{"id":1631,"date":"2021-03-31T10:16:03","date_gmt":"2021-03-31T08:16:03","guid":{"rendered":"https:\/\/xn--mobilitts-scouts-1nb.at\/?p=1631"},"modified":"2021-03-31T10:17:26","modified_gmt":"2021-03-31T08:17:26","slug":"jetzt-schnell-drueber-gruenphase-bei-kreuzungen-in-wien","status":"publish","type":"post","link":"https:\/\/xn--mobilitts-scouts-1nb.at\/?p=1631","title":{"rendered":"&#8222;Jetzt schnell dr\u00fcber&#8220; &#8211; Gr\u00fcnphase bei Kreuzungen in Wien"},"content":{"rendered":"\n<p>Ich bin 67 Jahre alt und sehe mich selbst noch als gut mobil und aktiv um in der Stadt unterwegs sein zu k\u00f6nnen. Umso  mehr erstaunt es mich immer wieder, dass die Gr\u00fcnphase der Ampelregelung an manchen Kreuzungen in Wien bereits gr\u00fcn blinken, ich aber noch nicht auf der anderen Stra\u00dfenseite bin.<\/p>\n\n\n\n<p>Um es aber nicht nur bei einer &#8222;gef\u00fchlten&#8220; Wahrnehmung zu lassen bin ich die Kreuzung bei der Schlachthausgasse Ecke Baumgasse im 3. Bezirk mit einer Stoppuhr abgegangen und habe festgestellt, dass bereits nach 8 Sekunden das Gr\u00fcnlicht blinkt! Ich kann mir gut vorstellen, dass Personen mit einer Einschr\u00e4nkung ihrer Mobilit\u00e4t sich dadurch gehetzt f\u00fchlen.<\/p>\n\n\n\n<p>Die <a rel=\"noreferrer noopener\" href=\"https:\/\/www.wien.gv.at\/kontakte\/ma33\/index.html\" target=\"_blank\">Magistratsabteilung 33 <\/a>(zust\u00e4ndig f\u00fcr \u00d6ffentliche Beleuchtung) teilte mir dazu mit, dass es auch bei 10 Sekunden Gr\u00fcnzeit m\u00f6glich ist den 14 Meter langen Schutzweg zu \u00fcberqueren da es mit der R\u00e4umzeit insgesamt 12 Sekunden sind. W\u00e4hrend der R\u00e4umzeit wird der Querverkehr noch angehalten. <\/p>\n\n\n\n<p><em>Haben Sie das gewusst und wie sind Ihre Erfahrungen mit der L\u00e4nge der Gr\u00fcnphasen?<\/em> <em>Wir sind neugierig auf Ihre Erfahrungen, schreiben Sie uns:<\/em> info@mobilit\u00e4ts-scouts.at    <\/p>\n\n\n\n<p>Auf meine Frage ob die gute und personenfreundliche Benutzung von Kreuzungen mit verschiedenen Personengruppen (Mobilit\u00e4t, Gehhilfen usw.) getestet wurde oder wird wurde mir mitgeteilt, dass es einschl\u00e4gige Richtlinien gibt und ein Test mit Personengruppen nicht vorgesehen ist. <\/p>\n\n\n\n<p>Dazu auch ein <a rel=\"noreferrer noopener\" href=\"https:\/\/platzfuer.wien\/wp-content\/uploads\/2020\/04\/HP-4_sichere_Kreuzungen.pdf\" target=\"_blank\">Beitrag der Initiative &#8222;Platz f\u00fcr Wien&#8220;<\/a> zur Forderung Sicherer Kreuzungen!<\/p>\n\n\n\n<p><\/p>\n\n\n\n<p><\/p>\n\n\n\n<p><\/p>\n","protected":false},"excerpt":{"rendered":"<p>Ich bin 67 Jahre alt und sehe mich selbst noch als gut mobil und aktiv um in der Stadt unterwegs sein zu k\u00f6nnen. Umso mehr erstaunt es mich immer wieder, dass die Gr\u00fcnphase der Ampelregelung an manchen Kreuzungen in Wien bereits gr\u00fcn blinken, ich aber noch nicht auf der anderen Stra\u00dfenseite bin. Um es aber [&hellip;]<\/p>\n","protected":false},"author":11,"featured_media":0,"comment_status":"closed","ping_status":"closed","sticky":false,"template":"","format":"standard","meta":{"_et_pb_use_builder":"off","_et_pb_old_content":"","_et_gb_content_width":""},"categories":[31],"tags":[213,214,215,147,216],"_links":{"self":[{"href":"https:\/\/xn--mobilitts-scouts-1nb.at\/index.php?rest_route=\/wp\/v2\/posts\/1631"}],"collection":[{"href":"https:\/\/xn--mobilitts-scouts-1nb.at\/index.php?rest_route=\/wp\/v2\/posts"}],"about":[{"href":"https:\/\/xn--mobilitts-scouts-1nb.at\/index.php?rest_route=\/wp\/v2\/types\/post"}],"author":[{"embeddable":true,"href":"https:\/\/xn--mobilitts-scouts-1nb.at\/index.php?rest_route=\/wp\/v2\/users\/11"}],"replies":[{"embeddable":true,"href":"https:\/\/xn--mobilitts-scouts-1nb.at\/index.php?rest_route=%2Fwp%2Fv2%2Fcomments&post=1631"}],"version-history":[{"count":17,"href":"https:\/\/xn--mobilitts-scouts-1nb.at\/index.php?rest_route=\/wp\/v2\/posts\/1631\/revisions"}],"predecessor-version":[{"id":1901,"href":"https:\/\/xn--mobilitts-scouts-1nb.at\/index.php?rest_route=\/wp\/v2\/posts\/1631\/revisions\/1901"}],"wp:attachment":[{"href":"https:\/\/xn--mobilitts-scouts-1nb.at\/index.php?rest_route=%2Fwp%2Fv2%2Fmedia&parent=1631"}],"wp:term":[{"taxonomy":"category","embeddable":true,"href":"https:\/\/xn--mobilitts-scouts-1nb.at\/index.php?rest_route=%2Fwp%2Fv2%2Fcategories&post=1631"},{"taxonomy":"post_tag","embeddable":true,"href":"https:\/\/xn--mobilitts-scouts-1nb.at\/index.php?rest_route=%2Fwp%2Fv2%2Ftags&post=1631"}],"curies":[{"name":"wp","href":"https:\/\/api.w.org\/{rel}","templated":true}]}}