{"id":1664,"date":"2021-03-15T10:44:04","date_gmt":"2021-03-15T09:44:04","guid":{"rendered":"https:\/\/xn--mobilitts-scouts-1nb.at\/?p=1664"},"modified":"2021-03-15T11:43:18","modified_gmt":"2021-03-15T10:43:18","slug":"toilette-gesucht-bloss-wo","status":"publish","type":"post","link":"https:\/\/xn--mobilitts-scouts-1nb.at\/?p=1664","title":{"rendered":"Toilette Gesucht! Blo\u00df Wo?"},"content":{"rendered":"\n<p>Es ist bestimmt kein neues Anliegen welches wir ansprechen &#8211; aber wie es viele Frauen, M\u00e4nner und Kinder wissen kann es oft ein sehr dringendes Anliegen sein \u2013 n\u00e4mlich der Besuch einer \u00f6ffentlichen Toilette! Blo\u00df wohin?, fragen sich viele in Wien, die ein \u201estilles \u00d6rtchen\u201c suchen!<\/p>\n\n\n\n<p>Die Ben\u00fctzung einer \u00f6ffentlichen Toilette war schon vor der pandemiebedingten Schlie\u00dfung von Gastst\u00e4tten, Museen und anderen \u00f6ffentlich zug\u00e4nglichen Einrichtungen ein Wettlauf mit der Zeit und ist jetzt noch schwieriger geworden. Aufgrund der pandemiebedingten Schlie\u00dfungen ist es noch schwieriger geworden eine Toilette zu finden, was sowohl den Mobilit\u00e4tsradius als auch die Planbarkeit von Spazierg\u00e4ngen und Ausfl\u00fcgen sehr erschwert!&nbsp;<\/p>\n\n\n\n<p>Die WC-Anlagen der Magistratsabteilungen 48 und 45 sind im Stadtplan Wien verzeichnet. Einen \u00dcberblick finden Sie <a rel=\"noreferrer noopener\" href=\"https:\/\/www.wien.gv.at\/umwelt\/ma48\/sauberestadt\/wc\/index.html\" target=\"_blank\">hier<\/a>! Klicken Sie das Symbol\/Icon der gew\u00fcnschten Anlagen im Stadtplan an, erscheinen die hinterlegten Zusatzinformationen, wie auch der Verweis auf Wintersperren. Auch die <a rel=\"noreferrer noopener\" href=\"https:\/\/www.wien.gv.at\/live\/app\/\" target=\"_blank\">48er-App<\/a> bietet die wichtigsten Informationen zu den Standorten unserer \u00f6ffentlichen Bed\u00fcrfnisanstalten.<\/p>\n\n\n\n<figure class=\"wp-block-gallery columns-1 is-cropped\"><ul class=\"blocks-gallery-grid\"><li class=\"blocks-gallery-item\"><figure><img loading=\"lazy\" width=\"1024\" height=\"683\" src=\"https:\/\/xn--mobilitts-scouts-1nb.at\/wp-content\/uploads\/2021\/03\/claudio-schwarz-purzlbaum-q7NBKl58K_U-unsplash-1024x683.jpg\" alt=\"\" data-id=\"1851\" data-full-url=\"https:\/\/xn--mobilitts-scouts-1nb.at\/wp-content\/uploads\/2021\/03\/claudio-schwarz-purzlbaum-q7NBKl58K_U-unsplash-scaled.jpg\" data-link=\"https:\/\/xn--mobilitts-scouts-1nb.at\/?attachment_id=1851\" class=\"wp-image-1851\" srcset=\"https:\/\/xn--mobilitts-scouts-1nb.at\/wp-content\/uploads\/2021\/03\/claudio-schwarz-purzlbaum-q7NBKl58K_U-unsplash-980x653.jpg 980w, https:\/\/xn--mobilitts-scouts-1nb.at\/wp-content\/uploads\/2021\/03\/claudio-schwarz-purzlbaum-q7NBKl58K_U-unsplash-480x320.jpg 480w\" sizes=\"(min-width: 0px) and (max-width: 480px) 480px, (min-width: 481px) and (max-width: 980px) 980px, (min-width: 981px) 1024px, 100vw\" \/><figcaption class=\"blocks-gallery-item__caption\">\u00a9 Claudio Schwarz  \/ unsplash<\/figcaption><\/figure><\/li><\/ul><\/figure>\n\n\n\n<p>Aus eigener Wahrnehmung kann ich berichten, dass die Anzahl in den U-Bahnstationen reduziert worden ist bzw. wenn vorhanden immer wieder vor\u00fcbergehend geschlossen oder umgebaut werden. Die WC Anlagen der Wiener Linien werden derzeit laufend modernisiert, in der Anzahl aber reduziert und werden dann kostenpflichtig sein.&nbsp;<\/p>\n\n\n\n<p>Ausstattung, Sauberkeit und Sicherheit der WC Anlagen in Parks oder an \u00f6ffentlichen Orten sind wichtig, aber oft kann ich es mir nicht aussuchen und ich frage mich ob es der Stadtregierung oder der zust\u00e4ndigen Magistratsabteilung tats\u00e4chlich ein Anliegen ist.&nbsp;&nbsp;Die Ben\u00fctzung mit Rollator oder Kr\u00fccken \u2013 wenn keine Haltegriffe vorhanden sind \u2013 ist schwierig. Auch mit einem Kinderwagen kann ich nicht \u00fcberall hinein. Auf der <a rel=\"noreferrer noopener\" href=\"https:\/\/www.wien.gv.at\/umwelt\/ma48\/sauberestadt\/wc\/\" target=\"_blank\">Webseite der MA 48<\/a> kann man sich einen \u00dcberblick \u00fcber die barrierefreien \u00f6ffentlichen Toiletten in Wien verschaffen.<\/p>\n\n\n\n<p>Ich w\u00fcnsche mir auch, dass in den Geb\u00e4uden der Stadt Wien (Bezirks\u00e4mter, Rathaus, Finanzamt, Kundenservicestelle von Wiener Wohnen usw.) ein Toilettenbesuch von hausfremden Personen m\u00f6glich ist und auch au\u00dferhalb des Geb\u00e4udes darauf hingewiesen wird.&nbsp;<\/p>\n\n\n\n<p><a rel=\"noreferrer noopener\" href=\"https:\/\/www.falter.at\/zeitung\/20210203\/die-notduerftige\/_05a3c81ad8\" target=\"_blank\">Im Artikel der&nbsp;&nbsp;Wochenzeitung FALTER 5\/21<\/a> zu diesem Thema wird die Anzahl von \u00fcber 200 \u00f6ffentlichen Toiletten (in Parks, an Stra\u00dfen und bei U-Bahnh\u00f6fen) genannt, aber reicht das f\u00fcr bald 2 Millionen Einwohner*innen und zus\u00e4tzlichen Besucher*innen unserer Stadt?<\/p>\n\n\n\n<p>Wir m\u00f6chten gerne auch unsere Leser*innen einladen ihre Erfahrungen mit uns zu teilen!&nbsp;<em>Haben Sie vielleicht Tipps wo und wie Sie sich \u00fcber Toiletten in Wien schlau machen?&nbsp; Wir freuen uns wenn Sie ihre Ideen dazu mit uns teilen! Schreiben Sie uns einfach unter:<\/em>&nbsp;<a href=\"mailto:info@mobilit%C3%A4ts-scouts.at\">info@mobilit\u00e4ts-scouts.at<\/a><\/p>\n","protected":false},"excerpt":{"rendered":"<p>Es ist bestimmt kein neues Anliegen welches wir ansprechen &#8211; aber wie es viele Frauen, M\u00e4nner und Kinder wissen kann es oft ein sehr dringendes Anliegen sein \u2013 n\u00e4mlich der Besuch einer \u00f6ffentlichen Toilette! Blo\u00df wohin?, fragen sich viele in Wien, die ein \u201estilles \u00d6rtchen\u201c suchen! Die Ben\u00fctzung einer \u00f6ffentlichen Toilette war schon vor der [&hellip;]<\/p>\n","protected":false},"author":11,"featured_media":0,"comment_status":"closed","ping_status":"closed","sticky":false,"template":"","format":"standard","meta":{"_et_pb_use_builder":"off","_et_pb_old_content":"","_et_gb_content_width":""},"categories":[31],"tags":[151,149,150],"_links":{"self":[{"href":"https:\/\/xn--mobilitts-scouts-1nb.at\/index.php?rest_route=\/wp\/v2\/posts\/1664"}],"collection":[{"href":"https:\/\/xn--mobilitts-scouts-1nb.at\/index.php?rest_route=\/wp\/v2\/posts"}],"about":[{"href":"https:\/\/xn--mobilitts-scouts-1nb.at\/index.php?rest_route=\/wp\/v2\/types\/post"}],"author":[{"embeddable":true,"href":"https:\/\/xn--mobilitts-scouts-1nb.at\/index.php?rest_route=\/wp\/v2\/users\/11"}],"replies":[{"embeddable":true,"href":"https:\/\/xn--mobilitts-scouts-1nb.at\/index.php?rest_route=%2Fwp%2Fv2%2Fcomments&post=1664"}],"version-history":[{"count":11,"href":"https:\/\/xn--mobilitts-scouts-1nb.at\/index.php?rest_route=\/wp\/v2\/posts\/1664\/revisions"}],"predecessor-version":[{"id":1855,"href":"https:\/\/xn--mobilitts-scouts-1nb.at\/index.php?rest_route=\/wp\/v2\/posts\/1664\/revisions\/1855"}],"wp:attachment":[{"href":"https:\/\/xn--mobilitts-scouts-1nb.at\/index.php?rest_route=%2Fwp%2Fv2%2Fmedia&parent=1664"}],"wp:term":[{"taxonomy":"category","embeddable":true,"href":"https:\/\/xn--mobilitts-scouts-1nb.at\/index.php?rest_route=%2Fwp%2Fv2%2Fcategories&post=1664"},{"taxonomy":"post_tag","embeddable":true,"href":"https:\/\/xn--mobilitts-scouts-1nb.at\/index.php?rest_route=%2Fwp%2Fv2%2Ftags&post=1664"}],"curies":[{"name":"wp","href":"https:\/\/api.w.org\/{rel}","templated":true}]}}