{"id":2040,"date":"2021-05-12T10:53:24","date_gmt":"2021-05-12T08:53:24","guid":{"rendered":"https:\/\/xn--mobilitts-scouts-1nb.at\/?p=2040"},"modified":"2021-05-12T15:03:39","modified_gmt":"2021-05-12T13:03:39","slug":"mein-projekt-als-mobilitaets-scout-mehr-konsum-freie-sitzplaetze-fuer-die-stadt","status":"publish","type":"post","link":"https:\/\/xn--mobilitts-scouts-1nb.at\/?p=2040","title":{"rendered":"Mein Projekt als Mobilit\u00e4ts-Scout: Mehr konsum-freie Sitzpl\u00e4tze f\u00fcr die Stadt"},"content":{"rendered":"\n<p>Offensichtlich bin ich nicht allein mit diesem Wunsch. Nach jeder Umfrage, wenn es um Stadterneuerungsprojekte oder irgendeine neue Gestaltung in unserer Stadt geht, lese ich in Zeitungsberichten den Wunsch nach \u201emehr Gr\u00fcn\u201c, aber immer wieder auch den Wunsch nach mehr Sitzb\u00e4nken oder Sitzgelegenheiten. <\/p>\n\n\n\n<p>Ich beobachte immer wieder wie vorhandene Sitzm\u00f6glichkeiten von Pl\u00e4tzen, Parks bzw. Alleen verschwinden. Ich sehe hier dringenden Handlungsbedarf und setzte mich deswegen f\u00fcr mehr \u00f6ffentliche Sitzm\u00f6glichkeiten ein! Denn wenn nichts dagegen getan wird, bleiben uns als Fu\u00dfg\u00e4nger*innen nur mehr die wenigen Sitzpl\u00e4tze bei Autobus- und Stra\u00dfenbahnhaltestellen oder gar nur manche Baumschutz-B\u00fcgel, wo wir uns anlehnen k\u00f6nnen.\u00a0<\/p>\n\n\n\n<p>Als ich zu den Mobility Scouts kam, h\u00f6rte ich von einer Initiative in Wien, namens &#8222;Geht-Doch.Wien&#8220; bei der man eine f\u00fcr eine Petition Unterschriften sammeln kann, die dann geb\u00fcndelt weitergeleitet werden. Als ich meine Familie, Freunde und Bekannte bat, diese Listen zu unterschreiben, erz\u00e4hlten alle ohne Ausnahme Geschichten, wie auch sie den Mangel an konsumfreien Sitzgelegenheiten bemerkten, sei es beim Begleiten von \u00e4lteren Mitmenschen, oder als selbst Betroffene, weil sie schon \u00e4lter sind oder nach einer Verletzung oder anderen Leiden.&nbsp;<\/p>\n\n\n\n<p>Die Petition der Initiative \u201e<a rel=\"noreferrer noopener\" href=\"https:\/\/geht-doch.wien\" target=\"_blank\">Geht-Doch.Wien<\/a>\u201c \u2013 die Initiative f\u00fcr Zufu\u00dfgehende und Aktionen im und f\u00fcr den \u00d6ffentlichen Raum \u2013 die Listen gibt es&nbsp;<a rel=\"noreferrer noopener\" href=\"https:\/\/geht-doch.wien\/wp-content\/uploads\/2017\/08\/Petition_Sitzgelegenheiten-1.pdf\" target=\"_blank\">hier<\/a>&nbsp;zum Downloaden, ausdrucken und ausf\u00fcllen.  <\/p>\n\n\n\n<p>So fing das Projekt bei Mobility Scouts an. Nach dem erfolgreichen Beispiel <a rel=\"noreferrer noopener\" href=\"https:\/\/www.ageing-better.org.uk\/stories\/age-friendly-nottingham-take-seat\" target=\"_blank\">\u201eTake a Seat\u201c<\/a> (\u201eNimm Platz\u201c) in mehreren englischen St\u00e4dten, haben wir die Wiener Wirtschaftskammer kontaktiert. Unsere Gespr\u00e4chspartner*innen dort meinten, es w\u00e4re ein Pilotprojekt wert, um zu sehen, wie ihre Mitglieder diese Idee fanden, die,  wenn sie positiv aufgenommen wird, auch leicht zu erweitern w\u00e4re. Leider ging es \u201ezurzeit\u201c nicht, da die Kammer andere Priorit\u00e4ten habe.<\/p>\n\n\n\n<p>Unser n\u00e4chster Versuch war die Supermarktkette Spar. Nach einem ersten Treffen im Sommer schien es dem Gebietsvertreter \u201eeine sehr gute Idee f\u00fcr die Kette\u201c, unsere Ideen wurden dem Vorgesetzen weitergeleitet. Bisher warten wir noch auf eine Antwort wie es mit Pl\u00e4nen f\u00fcr konkrete Umsetzungen aussieht.&nbsp;Wir bleiben dran! <\/p>\n\n\n\n<p>Mehrere Bekannte und Verwandte in Wien meinten auch, dass die Wiener Linien mehr Sitzgelegenheiten f\u00fcr Wartende bereitstellen sollten. Besonders \u00e4rgerlich seien die neuen U-Bahn-Stationen, die kaum Sitzpl\u00e4tze haben, wobei diese neu gebaut worden sind, aber offensichtlich, ohne an diese Notwendigkeit zu denken. Nachtr\u00e4glich welche einzubauen ist zwar m\u00f6glich, aber sehr teuer. Hier gibt es also (auch) noch Handlungsbedarf!<\/p>\n\n\n\n<p><strong>Inspirationen aus anderen L\u00e4ndern<\/strong><\/p>\n\n\n\n<p>Als ich meine Cousine in&nbsp;<strong>Amsterdam<\/strong>&nbsp;besuchte, erz\u00e4hlte ich ihr von meinem Vorhaben. Sie sagte, es w\u00e4re in ihrer Stadt \u00e4hnlich, aber in vielen Stra\u00dfen w\u00fcrde man nun Sitzb\u00e4nke sehen, die nachtr\u00e4glich durch eine Armlehne geteilt worden sind, um die Bequemlichkeit zu erh\u00f6hen (\u00e4ltere Menschen k\u00f6nnen mit Lehnen besser aufstehen), und&nbsp;gleichzeitig w\u00fcrden&nbsp;diese Lehnen verhindern, dass diese B\u00e4nke als \u201cSchlafstellen\u201c benutzt werden k\u00f6nnten.&nbsp;<\/p>\n\n\n\n<figure class=\"wp-block-gallery columns-1 is-cropped\"><ul class=\"blocks-gallery-grid\"><li class=\"blocks-gallery-item\"><figure><img loading=\"lazy\" width=\"1024\" height=\"576\" src=\"https:\/\/xn--mobilitts-scouts-1nb.at\/wp-content\/uploads\/2020\/12\/Adam-167-1024x576.jpg\" alt=\"\" data-id=\"944\" data-full-url=\"https:\/\/xn--mobilitts-scouts-1nb.at\/wp-content\/uploads\/2020\/12\/Adam-167-scaled.jpg\" data-link=\"https:\/\/xn--mobilitts-scouts-1nb.at\/?attachment_id=944\" class=\"wp-image-944\" srcset=\"https:\/\/xn--mobilitts-scouts-1nb.at\/wp-content\/uploads\/2020\/12\/Adam-167-980x551.jpg 980w, https:\/\/xn--mobilitts-scouts-1nb.at\/wp-content\/uploads\/2020\/12\/Adam-167-480x270.jpg 480w\" sizes=\"(min-width: 0px) and (max-width: 480px) 480px, (min-width: 481px) and (max-width: 980px) 980px, (min-width: 981px) 1024px, 100vw\" \/><figcaption class=\"blocks-gallery-item__caption\">Umgestaltete Parkbank in Amsterdam 2019\nFotocredit: Connie Bruckner<\/figcaption><\/figure><\/li><\/ul><\/figure>\n\n\n\n<p>In mehreren Stra\u00dfen in den Niederlanden (aber auch manchmal in \u00d6sterreich) sah ich, wie Gesch\u00e4ftsleute ein oder zwei Klappsessel zu Verf\u00fcgung stellten und diese bei Ladenschluss (oder bei Regen) wieder einger\u00e4umt wurden. Diese ragten zwar etwas vor auf dem Gehsteig oder in der Fu\u00dfg\u00e4ngerzone, aber nicht zu sehr, und niemand schien gest\u00f6rt zu sein.&nbsp;&nbsp;<\/p>\n\n\n\n<p>Dann h\u00f6rte ich von einem Projekt in&nbsp;<strong>Kopenhagen<\/strong>, bei dem Schulklassen Sitzpl\u00e4tze f\u00fcr ihre Stadt sponsern und auch bunt anmalen durften. Die Idee war, wartenden \u00e4lteren Personen vor jeder Schule einen Platz anzubieten. Dieses Projekt uferte aus, und mehrere Gesch\u00e4fte sponsorten Sitzb\u00e4nke nahe ihren Lokalen und dies wirkte gleich als Werbung. Die Sponsoren sind zust\u00e4ndig f\u00fcr die Erhaltung der Sitzbank, die sie sponsern. Es gab vier verschiedene Modelle. \u00d6fters wurde ein neu gepflanzter Baum zugleich mit einer Sitzbank gesponsert. Die Verantwortung f\u00fcr die Bew\u00e4sserung des Baumes wurde auch dem Sponsor \u00fcbertragen. So eine Bank haben die Mobility Scouts \u00fcbrigens auch in Ottakring in Wien gesehen!<\/p>\n\n\n\n<figure class=\"wp-block-gallery columns-1 is-cropped\"><ul class=\"blocks-gallery-grid\"><li class=\"blocks-gallery-item\"><figure><img loading=\"lazy\" width=\"767\" height=\"1024\" src=\"https:\/\/xn--mobilitts-scouts-1nb.at\/wp-content\/uploads\/2021\/05\/Bank_Sponsoring_Otk-1-767x1024.jpg\" alt=\"\" data-id=\"2083\" data-full-url=\"https:\/\/xn--mobilitts-scouts-1nb.at\/wp-content\/uploads\/2021\/05\/Bank_Sponsoring_Otk-1.jpg\" data-link=\"https:\/\/xn--mobilitts-scouts-1nb.at\/?attachment_id=2083\" class=\"wp-image-2083\" \/><figcaption class=\"blocks-gallery-item__caption\">Fotocredit \u00a9 Mobilit\u00e4ts-Scouts Wien<\/figcaption><\/figure><\/li><\/ul><\/figure>\n\n\n\n<p>Ich las immer wieder von anderen Initiativen \u00e4hnlicher Art in&nbsp;<strong>verschiedenen deutschen St\u00e4dten<\/strong>&nbsp;und wie danach dieser Stadtteil als lebenswerter beurteilt wurde und es kaum F\u00e4lle von Vandalismus gab. Die Bef\u00fcrchtung, dass mehrere Sitzm\u00f6glichkeiten dem Gesch\u00e4ft von Caf\u00e9s und Restaurants schaden oder es beeintr\u00e4chtigen k\u00f6nnten, erwies sich als falsch. Es gab danach sogar mehr Frequenz als zuvor. Es macht den Stadtteil und Gesch\u00e4ftsstra\u00dfen auch sicherer, weil Taschendiebe sich beobachtet f\u00fchlen, wenn mehrere Personen auf Sitzpl\u00e4tzen sitzen und die Gegend beobachten. Gesundheitsvorteile kamen auch zu Tage: \u00c4ltere Menschen gingen mehr au\u00dfer Haus und fanden \u00f6fter Kontakt mit Nachbarn. Suizide waren dadurch, nimmt man an, danach auch verringert.<\/p>\n\n\n\n<p><strong>Meine n\u00e4chsten Schritte<\/strong><\/p>\n\n\n\n<p>Ich m\u00f6chte als n\u00e4chsten Schritt dem Kontakt mit den Wiener Linien nachgehen, und hoffe, dass neue U-Bahn Bauprojekte unseren Wunsch bei der Gestaltung der neuen Stationen ber\u00fccksichtigen wird.&nbsp;Ich lade meine Leser*innen ein, auch die Wiener Linien zu kontaktieren (unter <a rel=\"noreferrer noopener\" href=\"mailto:kundendialog@wienerlinien.at\" target=\"_blank\">kundendialog@wienerlinien.at<\/a>) oder zu uns den Mobilit\u00e4ts-Scouts zu kommen um mit uns gemeinsam unsere Stadt mitzugestalten.&nbsp;&nbsp;Wir freuen uns immer \u00fcber Mitgestalter*innen!! <strong>Schreiben Sie uns gerne eine eMail:<\/strong> <a href=\"mailto:info@mobilit%C3%A4ts-scouts.at\">info@mobilit\u00e4ts-scouts.at<\/a><\/p>\n","protected":false},"excerpt":{"rendered":"<p>Offensichtlich bin ich nicht allein mit diesem Wunsch. Nach jeder Umfrage, wenn es um Stadterneuerungsprojekte oder irgendeine neue Gestaltung in unserer Stadt geht, lese ich in Zeitungsberichten den Wunsch nach \u201emehr Gr\u00fcn\u201c, aber immer wieder auch den Wunsch nach mehr Sitzb\u00e4nken oder Sitzgelegenheiten. Ich beobachte immer wieder wie vorhandene Sitzm\u00f6glichkeiten von Pl\u00e4tzen, Parks bzw. Alleen [&hellip;]<\/p>\n","protected":false},"author":7,"featured_media":0,"comment_status":"closed","ping_status":"closed","sticky":false,"template":"","format":"standard","meta":{"_et_pb_use_builder":"","_et_pb_old_content":"","_et_gb_content_width":""},"categories":[31],"tags":[],"_links":{"self":[{"href":"https:\/\/xn--mobilitts-scouts-1nb.at\/index.php?rest_route=\/wp\/v2\/posts\/2040"}],"collection":[{"href":"https:\/\/xn--mobilitts-scouts-1nb.at\/index.php?rest_route=\/wp\/v2\/posts"}],"about":[{"href":"https:\/\/xn--mobilitts-scouts-1nb.at\/index.php?rest_route=\/wp\/v2\/types\/post"}],"author":[{"embeddable":true,"href":"https:\/\/xn--mobilitts-scouts-1nb.at\/index.php?rest_route=\/wp\/v2\/users\/7"}],"replies":[{"embeddable":true,"href":"https:\/\/xn--mobilitts-scouts-1nb.at\/index.php?rest_route=%2Fwp%2Fv2%2Fcomments&post=2040"}],"version-history":[{"count":16,"href":"https:\/\/xn--mobilitts-scouts-1nb.at\/index.php?rest_route=\/wp\/v2\/posts\/2040\/revisions"}],"predecessor-version":[{"id":2110,"href":"https:\/\/xn--mobilitts-scouts-1nb.at\/index.php?rest_route=\/wp\/v2\/posts\/2040\/revisions\/2110"}],"wp:attachment":[{"href":"https:\/\/xn--mobilitts-scouts-1nb.at\/index.php?rest_route=%2Fwp%2Fv2%2Fmedia&parent=2040"}],"wp:term":[{"taxonomy":"category","embeddable":true,"href":"https:\/\/xn--mobilitts-scouts-1nb.at\/index.php?rest_route=%2Fwp%2Fv2%2Fcategories&post=2040"},{"taxonomy":"post_tag","embeddable":true,"href":"https:\/\/xn--mobilitts-scouts-1nb.at\/index.php?rest_route=%2Fwp%2Fv2%2Ftags&post=2040"}],"curies":[{"name":"wp","href":"https:\/\/api.w.org\/{rel}","templated":true}]}}