{"id":2192,"date":"2021-07-21T10:59:00","date_gmt":"2021-07-21T08:59:00","guid":{"rendered":"https:\/\/xn--mobilitts-scouts-1nb.at\/?p=2192"},"modified":"2021-07-13T14:23:52","modified_gmt":"2021-07-13T12:23:52","slug":"erstellen-sie-ihre-lebensumfeld-zukunftsbilanz-teil-2-wie-lebenswert-und-altersgerecht-ist-ihr-naeheres-wohnumfeld","status":"publish","type":"post","link":"https:\/\/xn--mobilitts-scouts-1nb.at\/?p=2192","title":{"rendered":"Erstellen Sie Ihre Lebensumfeld-Zukunftsbilanz! Teil 2: Wie lebenswert und altersgerecht ist Ihr n\u00e4heres Wohnumfeld?"},"content":{"rendered":"\n<h4>Wichtiger erster Schritt: Soll- und Haben-Bilanz erstellen<\/h4>\n\n\n\n<p>Das erste Ergebnis unserer \u00dcberlegungen wird eine Bilanz sein von Soll und Haben, eine bewusste Aufstellung von \u201eWas ist mir wichtig, dass ich es in meinem Wohnumfeld vorfinde?\u201c und \u201eWas finde ich aktuell vor?\u201c. Diese Inventur ist die Basis f\u00fcr die n\u00e4chste \u00dcberlegung, ich nenne sie die Erstellung der \u201e<strong>Zukunftsbilanz meines Lebensumfeldes<\/strong>\u201e. Wir gehen davon aus, dass sich sowohl Ihr Lebensumfeld als auch Ihr Gesundheitszustand, Ihr Leistungsverm\u00f6gen und damit zusammenh\u00e4ngend Ihre W\u00fcnsche und Bed\u00fcrfnisse ver\u00e4ndern werden in den n\u00e4chsten 10 \u2013 15 Jahren. Denken Sie deshalb auch \u00fcber die beiden Fragen \u201eWas wird mir in einigen Jahren wichtig sein?\u201c und \u201eWas werde ich in einigen Jahren vorfinden in meinem Lebensumfeld?\u201c nach.&nbsp;<\/p>\n\n\n\n<figure class=\"wp-block-table\"><table><tbody><tr><td>SOLL<\/td><td>HABEN<\/td><\/tr><tr><td><strong>Was wird mir in einigen Jahren wichtig sein?&nbsp;<\/strong><br><strong>Was brauche ich?<\/strong><\/td><td><strong>Was werde ich in einigen Jahren vorfinden in&nbsp;<br>meinem Lebensumfeld ?<\/strong><\/td><\/tr><\/tbody><\/table><figcaption> Lebensumfeld &#8211; Zukunftsbilanz<\/figcaption><\/figure>\n\n\n\n<h4>Wichtiger zweiter Schritt: Gestalten Sie selbst aktiv Ihr Lebensumfeld!<\/h4>\n\n\n\n<p>Die Gegen\u00fcberstellung von dem was Sie in einigen Jahren vorfinden m\u00f6chten und dem, was da sein wird, weist gr\u00f6\u00dfere Differenzen auf? Warum werden Sie in diesem Fall nicht selbst initiativ? Alleine oder mit Gleichgesinnten? Mit oder ohne \u00f6ffentliche Unterst\u00fctzung, vielleicht sogar mit finanzieller F\u00f6rderung?<\/p>\n\n\n\n<p><strong>Werden Sie GeburtshelferIn f\u00fcr das, was Ihnen fehlt!<\/strong>&nbsp;Rufen Sie Aktivit\u00e4ten, Vereine, Einrichtungen ins Leben, die der Verbesserung Ihrer eigenen Lebenssituation sowie jener von anderen \u00e4lteren Menschen dienen. Erg\u00e4nzen Sie das Angebot bestehender Einrichtungen wie Nachbarschaftszentren, Sportvereinen, Kulturvereinen, B\u00fcchereien, Seniorenorganisationen, Volkshochschule, Pfarre mit Ihren Ideen.&nbsp;<\/p>\n\n\n\n<p>Ist die Differenz zu gro\u00df zwischen Soll und Haben? Wie w\u00e4re es mit einem&nbsp;<strong>Umzug in eine f\u00fcr Sie attraktivere Wohngegend<\/strong>? Wenn das tats\u00e4chlich eine Option f\u00fcr Sie ist, dann sollten Sie dies m\u00f6glichst rasch tun, damit Ihnen ein \u201eEinwurzeln\u201c gut gelingt. Um sich heimisch zu f\u00fchlen in der neuen Wohnumgebung braucht es Zeit, Vertrautheit mit dem neuen Umfeld und tragf\u00e4hige Kontakte, die idealerweise in Bekanntschaften und Freundschaften m\u00fcnden.&nbsp;<\/p>\n\n\n\n<p>Schauen wir nun ein bisschen genauer hin auf die beiden Themen \u201elebenswertes\u201c und \u201ealtersgerechtes\u201c Wohnumfeld.&nbsp;<\/p>\n\n\n\n<h3>Was bedeutet \u201elebenswertes Wohnumfeld?\u201c&nbsp;<\/h3>\n\n\n\n<p>Die Bezeichnung \u201elebenswertes Wohnumfeld\u201c wird stark von pers\u00f6nlichen Vorlieben, W\u00fcnschen und Bed\u00fcrfnissen gepr\u00e4gt. Ich will es so zusammenfassen: Ein lebenswertes Wohnumfeld ist f\u00fcr mich eines,<strong>&nbsp;wenn ich all das, was ich selbst besonders sch\u00e4tze, was ich h\u00e4ufig und gerne nutze, von meinen eigenen vier W\u00e4nden aus leicht erreiche.&nbsp;<\/strong><\/p>\n\n\n\n<p>Fragt man Senioren, was ein lebenswertes Wohnumfeld auszeichnet, so werden h\u00e4ufig genannt:<\/p>\n\n\n\n<ul><li>Naherholungsgebiete und Gr\u00fcnfl\u00e4chen sind fu\u00dfl\u00e4ufig vorhanden<\/li><li>Gesch\u00e4fte des t\u00e4glichen Lebens, Bank, Post, Arzt, Apotheke, Friseur sind gut erreichbar<\/li><li>Gute Anbindung mit und Versorgung durch \u00f6ffentliche Verkehrsmittel<\/li><li>Ruhe, gute Luft<\/li><li>Kaffeeh\u00e4user, Restaurants in der N\u00e4he<\/li><li>Kulturelle Angebote und Sportm\u00f6glichkeiten vorhanden<\/li><li>Familie, Freunde und Bekannte in der n\u00e4heren Umgebung<\/li><li>Gute Nachbarschaft und Nachbarschaftshilfe werden gepflogen im Umfeld<\/li><\/ul>\n\n\n\n<p>Jetzt werden Sie vielleicht denken \u201eJa, das habe ich alles. Das ist f\u00fcr mich leicht erreichbar\u201c. Ich frage Sie \u201e<strong>Leicht erreichbar mit und ohne Auto? Zu Fu\u00df? Mit \u00f6ffentlichen Verkehrsmitteln?<\/strong>\u201e K\u00f6nnen Sie sich vorstellen, dass Autofahren oder die Ben\u00fctzung \u00f6ffentlicher Verkehrsmittel f\u00fcr Sie einmal m\u00fchsam werden kann?\u201c Was dann? Dann ist es wichtig, dass Sie vieles von dem, was Sie brauchen oder was Ihnen wichtig ist, entweder fu\u00dfl\u00e4ufig oder mit Fahrtendiensten erreichen. M\u00f6glich f\u00fcr Sie? Auch Unterst\u00fctzungsangebote wie z.B. Essen auf R\u00e4dern, Heimhilfe, Besuchs- oder Einkaufsdienste k\u00f6nnen eines Tages wichtig werden f\u00fcr Sie. In Ihrer Wohnumgebung vorhanden?<\/p>\n\n\n\n<p>Werfen Sie doch gemeinsam mit mir anhand objektiver Kriterien einen kritischen Blick auf Ihr Wohnumfeld! <strong>Weiter geht es mit Teil 3 am Mittwoch, den 04. 08. 2021!<\/strong><\/p>\n\n\n\n<p><em>Ich w\u00fcnsche Ihnen mit dieser Beitragsserie eine interessante und kurzweilige Analyse Ihres Lebensumfeldes sowie wertvolle Informationen f\u00fcr die weitere Lebensgestaltung.<\/em><\/p>\n\n\n\n<p><em>Ihre Sophie Stein<\/em><\/p>\n\n\n\n<p><em>==&gt; Sie wollen Informationen und\/oder Ihre Erkenntnisse mit mir und anderen im world-wide-web teilen? Schreiben Sie an: info@mobilit\u00e4ts-scouts.at, Betreff: lebenswertes und altersgerechtes Wohnumfeld<\/em><\/p>\n\n\n\n<p><strong>Das k\u00f6nnte Sie auch interessieren: <\/strong><a href=\"https:\/\/mobilit\u00e4ts-scouts.at\/?p=1281\" target=\"_blank\" rel=\"noreferrer noopener\"> Wie lebenswert und altersgerecht ist Ihr n\u00e4heres Wohnumfeld? Teil 1<\/a><\/p>\n","protected":false},"excerpt":{"rendered":"<p>Wichtiger erster Schritt: Soll- und Haben-Bilanz erstellen Das erste Ergebnis unserer \u00dcberlegungen wird eine Bilanz sein von Soll und Haben, eine bewusste Aufstellung von \u201eWas ist mir wichtig, dass ich es in meinem Wohnumfeld vorfinde?\u201c und \u201eWas finde ich aktuell vor?\u201c. Diese Inventur ist die Basis f\u00fcr die n\u00e4chste \u00dcberlegung, ich nenne sie die Erstellung [&hellip;]<\/p>\n","protected":false},"author":14,"featured_media":0,"comment_status":"closed","ping_status":"closed","sticky":false,"template":"","format":"standard","meta":{"_et_pb_use_builder":"","_et_pb_old_content":"","_et_gb_content_width":""},"categories":[1,31,90],"tags":[91,108,290,291,99,292],"_links":{"self":[{"href":"https:\/\/xn--mobilitts-scouts-1nb.at\/index.php?rest_route=\/wp\/v2\/posts\/2192"}],"collection":[{"href":"https:\/\/xn--mobilitts-scouts-1nb.at\/index.php?rest_route=\/wp\/v2\/posts"}],"about":[{"href":"https:\/\/xn--mobilitts-scouts-1nb.at\/index.php?rest_route=\/wp\/v2\/types\/post"}],"author":[{"embeddable":true,"href":"https:\/\/xn--mobilitts-scouts-1nb.at\/index.php?rest_route=\/wp\/v2\/users\/14"}],"replies":[{"embeddable":true,"href":"https:\/\/xn--mobilitts-scouts-1nb.at\/index.php?rest_route=%2Fwp%2Fv2%2Fcomments&post=2192"}],"version-history":[{"count":8,"href":"https:\/\/xn--mobilitts-scouts-1nb.at\/index.php?rest_route=\/wp\/v2\/posts\/2192\/revisions"}],"predecessor-version":[{"id":2269,"href":"https:\/\/xn--mobilitts-scouts-1nb.at\/index.php?rest_route=\/wp\/v2\/posts\/2192\/revisions\/2269"}],"wp:attachment":[{"href":"https:\/\/xn--mobilitts-scouts-1nb.at\/index.php?rest_route=%2Fwp%2Fv2%2Fmedia&parent=2192"}],"wp:term":[{"taxonomy":"category","embeddable":true,"href":"https:\/\/xn--mobilitts-scouts-1nb.at\/index.php?rest_route=%2Fwp%2Fv2%2Fcategories&post=2192"},{"taxonomy":"post_tag","embeddable":true,"href":"https:\/\/xn--mobilitts-scouts-1nb.at\/index.php?rest_route=%2Fwp%2Fv2%2Ftags&post=2192"}],"curies":[{"name":"wp","href":"https:\/\/api.w.org\/{rel}","templated":true}]}}