{"id":2201,"date":"2021-08-25T10:29:00","date_gmt":"2021-08-25T08:29:00","guid":{"rendered":"https:\/\/xn--mobilitts-scouts-1nb.at\/?p=2201"},"modified":"2021-08-23T15:29:46","modified_gmt":"2021-08-23T13:29:46","slug":"gesellschaftliches-leben-und-soziale-teilhabe-in-ihrem-wohnumfeld-teil-4-wie-lebenswert-und-altersgerecht-ist-ihr-naeheres-wohnumfeld","status":"publish","type":"post","link":"https:\/\/xn--mobilitts-scouts-1nb.at\/?p=2201","title":{"rendered":"Gesellschaftliches Leben und Soziale Teilhabe in Ihrem Wohnumfeld. Teil 4: Wie lebenswert und altersgerecht ist Ihr n\u00e4heres Wohnumfeld?"},"content":{"rendered":"\n<p><strong>\u00dcberlegen Sie welchen Stellenwert Senior*innen in Ihrem Ort bzw. in Ihrer Stadt haben<\/strong>. Was wird von \u00f6ffentlicher, privater, karitativer Seite f\u00fcr diese Bev\u00f6lkerungsgruppe getan? Welche Vereine gibt es, die auch f\u00fcr \u00e4ltere Menschen attraktiv sind? Welche Nachbarschaftsinitiativen gibt es? Welche Einrichtungen f\u00fcr Senioren sind vorhanden \u2013 f\u00fcr welche Altersgruppe? Welche kognitiven und physischen Anforderungen stellen diese Angebote an die Besucher und Teilnehmer? B\u00fccherei, Kino, Theater, Konzert, Feste und Veranstaltungen, sind sie leicht erreichbar \u2013 zu Fu\u00df, mit dem Auto, mit \u00f6ffentlichen Verkehrsmitteln oder Fahrtendiensten? Sind die Angebote f\u00fcr Senioren\u00a0<strong>auch preislich erschwinglich f\u00fcr alle Einkommensgruppen<\/strong>?<\/p>\n\n\n\n<figure class=\"wp-block-image\"><img loading=\"lazy\" width=\"1024\" height=\"768\" src=\"https:\/\/xn--mobilitts-scouts-1nb.at\/wp-content\/uploads\/2020\/11\/carousel1-1024x768.jpg\" alt=\"\" class=\"wp-image-12\" srcset=\"https:\/\/xn--mobilitts-scouts-1nb.at\/wp-content\/uploads\/2020\/11\/carousel1-1024x768.jpg 1024w, https:\/\/xn--mobilitts-scouts-1nb.at\/wp-content\/uploads\/2020\/11\/carousel1-300x225.jpg 300w, https:\/\/xn--mobilitts-scouts-1nb.at\/wp-content\/uploads\/2020\/11\/carousel1-768x576.jpg 768w, https:\/\/xn--mobilitts-scouts-1nb.at\/wp-content\/uploads\/2020\/11\/carousel1.jpg 1293w\" sizes=\"(max-width: 1024px) 100vw, 1024px\" \/><figcaption>Foto: \u00a9 Caritas<\/figcaption><\/figure>\n\n\n\n<p><em>Das Alter alleine verbringen ist keine attraktive Zukunftsaussicht f\u00fcr die meisten von uns. Daher erkundigen Sie sich rechtzeitig welche Angebote es f\u00fcr Senioren unterschiedlicher Altersklassen gibt. Und n\u00fctzen Sie sie!\u00a0Sie verbringen einige kurzweilige Stunden und es ergeben sich daraus vielleicht wertvolle und bereichernde Bekanntschaften und Freundschaften in Ihrem n\u00e4heren Wohnumfeld.<\/em><\/p>\n\n\n\n<h4>Sie finden es gibt zu wenig Angebot f\u00fcr Senioren? Werden Sie aktiv!<\/h4>\n\n\n\n<p>N\u00fctzen Sie vorhandene R\u00e4ume wie zum Beispiel Pfarrhof, Gemeindeamt, Schulturnsaal, Parkanlagen, Kaffee- oder Gasthaus f\u00fcr Ihre Senioreninitiative in Ihrem Umfeld. Wie w\u00e4re es mit einem Kaffeeplausch dienstags um 10h in der regionalen B\u00e4ckerei? Oder Seniorengymnastik eine Stunde pro Woche im Schulturnsaal? Bitten Sie den Turnlehrer der \u00f6rtlichen Schule die Stunde zu gestalten. Kultur- und Naturspazierg\u00e4nge am Wochenende mit Gleichgesinnten? Ein Lesezirkel in der B\u00fccherei? Lernunterst\u00fctzung f\u00fcr Kinder? VorlesepatIn im \u00f6rtlichen Kindergarten?&nbsp;<\/p>\n\n\n\n<figure class=\"wp-block-image\"><img loading=\"lazy\" width=\"1024\" height=\"768\" src=\"https:\/\/xn--mobilitts-scouts-1nb.at\/wp-content\/uploads\/2020\/11\/IMG_0510-1024x768.jpg\" alt=\"\" class=\"wp-image-896\" srcset=\"https:\/\/xn--mobilitts-scouts-1nb.at\/wp-content\/uploads\/2020\/11\/IMG_0510-980x735.jpg 980w, https:\/\/xn--mobilitts-scouts-1nb.at\/wp-content\/uploads\/2020\/11\/IMG_0510-480x360.jpg 480w\" sizes=\"(min-width: 0px) and (max-width: 480px) 480px, (min-width: 481px) and (max-width: 980px) 980px, (min-width: 981px) 1024px, 100vw\" \/><figcaption>Foto: \u00a9 queraum. kultur- und sozialforschung&nbsp;<\/figcaption><\/figure>\n\n\n\n<p><strong>Lassen Sie sich etwas einfallen!&nbsp;<\/strong>Motivieren Sie andere zum Mitmachen!&nbsp;<strong>Ihr Leben wird mit diesen Aktivit\u00e4ten reicher an Kontakten, gedanklichen Anregungen und gegenseitigem Austausch<\/strong>. Sie bleiben fit, aktiv und agil. Auch Ihre Gesundheit und Ihre Laune werden davon profitieren.&nbsp;<\/p>\n\n\n\n<p>Holen Sie sich Anregungen, Ideen sowie wichtige Informationen f\u00fcr die Planung, Organisation und Umsetzung Ihrer Projekte. Bestellen Sie noch heute die&nbsp;<strong>Brosch\u00fcre<\/strong>n vom Bundesministerium f\u00fcr Arbeit, Soziales und Konsumentenschutz unter der Telefonnummer 01\/711 00-0 (Brosch\u00fcrenservice):<\/p>\n\n\n\n<ul><li><strong><a rel=\"noreferrer noopener\" href=\"https:\/\/www.queraum.org\/en\/node\/156\" target=\"_blank\">Erfolgreich Projekte initiieren! Ein Leitfaden f\u00fcr Seniorinnen und Senioren, die sich selbstbestimmt engagieren m\u00f6chten<\/a><\/strong><\/li><li><a rel=\"noreferrer noopener\" href=\"http:\/\/www.queraum.org\/node\/157\" target=\"_blank\"><strong>Unterwegs im Leben. Denkanst\u00f6\u00dfe f\u00fcr eine alter(n)sgerechte Gestaltung des \u00f6ffentlichen Raums \u2013 ein Leitfaden<\/strong><\/a><\/li><\/ul>\n\n\n\n<p>Die Brosch\u00fcre&nbsp;<strong>\u201eAltersfreundliche Lebensr\u00e4ume, Impulse und Zukunftsperspektiven\u201c<\/strong>&nbsp;von der O\u00d6 Zukunftsakademie enth\u00e4lt auch einige Beispiele aus der Praxis.&nbsp;<a rel=\"noreferrer noopener\" href=\"https:\/\/www.ooe-zukunftsakademie.at\/publikationen-zukunftsfahige-gesellschaft.htm\" target=\"_blank\">https:\/\/www.ooe-zukunftsakademie.at\/publikationen-zukunftsfahige-gesellschaft.htm<\/a><\/p>\n\n\n\n<p>Auch auf dieser Internetseite&nbsp;<a href=\"http:\/\/www.invisible-talents.eu\" target=\"_blank\" rel=\"noreferrer noopener\">www.invisible-talents.eu<\/a>&nbsp;k\u00f6nnen Sie interessante Informationen finden f\u00fcr Ihr Engagement.<\/p>\n\n\n\n<h3>Apropos digitale Welt<\/h3>\n\n\n\n<p>Eines Tages alleine zuhause zu sitzen, abgeschnitten von Ihren pers\u00f6nlichen Kontakten, von der Au\u00dfenwelt? Diese Aussicht gef\u00e4llt Ihnen nicht? Dann&nbsp;<strong>lernen Sie mit einem Smartphone und einem Computer umzugehen<\/strong>, sofern Sie das noch nicht k\u00f6nnen. N\u00fctzen Sie die Kurse, die daf\u00fcr angeboten werden, wie zum Beispiel von <a rel=\"noreferrer noopener\" href=\"https:\/\/a1seniorenakademie.at\/.\" target=\"_blank\">https:\/\/a1seniorenakademie.at\/.<\/a>  Bitten Sie Freunde und Familie, Ihnen die wichtigsten Funktionen zu zeigen.&nbsp;<\/p>\n\n\n\n<figure class=\"wp-block-gallery columns-2 is-cropped\"><ul class=\"blocks-gallery-grid\"><li class=\"blocks-gallery-item\"><figure><img loading=\"lazy\" width=\"684\" height=\"1024\" src=\"https:\/\/xn--mobilitts-scouts-1nb.at\/wp-content\/uploads\/2021\/03\/cardmapr-aU-tyT7E0lw-unsplash-684x1024.jpg\" alt=\"\" data-id=\"1792\" data-full-url=\"https:\/\/xn--mobilitts-scouts-1nb.at\/wp-content\/uploads\/2021\/03\/cardmapr-aU-tyT7E0lw-unsplash-scaled.jpg\" data-link=\"https:\/\/xn--mobilitts-scouts-1nb.at\/?attachment_id=1792\" class=\"wp-image-1792\"\/><figcaption class=\"blocks-gallery-item__caption\">\u00a9 cardmapr \/ unsplash<\/figcaption><\/figure><\/li><li class=\"blocks-gallery-item\"><figure><img loading=\"lazy\" width=\"683\" height=\"1024\" src=\"https:\/\/xn--mobilitts-scouts-1nb.at\/wp-content\/uploads\/2021\/03\/priscilla-du-preez-xQMBSGnoSn4-unsplash-683x1024.jpg\" alt=\"\" data-id=\"1780\" data-full-url=\"https:\/\/xn--mobilitts-scouts-1nb.at\/wp-content\/uploads\/2021\/03\/priscilla-du-preez-xQMBSGnoSn4-unsplash-scaled.jpg\" data-link=\"https:\/\/xn--mobilitts-scouts-1nb.at\/?attachment_id=1780\" class=\"wp-image-1780\"\/><figcaption class=\"blocks-gallery-item__caption\">\u00a9 Priscilla du Preez \/ unsplash<\/figcaption><\/figure><\/li><\/ul><\/figure>\n\n\n\n<p>Wenn Sie nicht mehr Reisen k\u00f6nnen, <strong>machen Sie eine virtuelle Reise <\/strong>und schauen Sie eines der zahlreichen Videos von nahen und fernen L\u00e4ndern an.  Erfreuen Sie sich an weltweiter Kultur im Netz. <strong>Museen<\/strong> bieten virtuelle Rundg\u00e4nge. <strong>Konzertveranstalter, Opern- und Theaterh\u00e4user stellen viele Produktionen ins Netz. <\/strong> B\u00fcchereien bieten Ihnen eine gro\u00dfe Auswahl an <strong>B\u00fccher<\/strong>n, die Sie <strong>online ausleihen und auf Ihrem Computer lesen <\/strong>k\u00f6nnen. Sie haben sogar noch den Vorteil, dass Sie am Computer die Schriftgr\u00f6\u00dfe an Ihr Sehverm\u00f6gen anpassen k\u00f6nnen.  Sie k\u00f6nnen <strong>Stunden mit  den virtuellen Angeboten verbringen<\/strong>.  Viele davon ohne nur einen Euro zu zahlen. <\/p>\n\n\n\n<p><strong>Nehmen Sie sich ein Beispiel an meinem 92-ig j\u00e4hrigen Bekannten<\/strong>. Er sagte unl\u00e4ngst ganz stolz zu mir: \u201eIch bin jetzt digital aktiv. Ich gehe nur mehr selten auf die Bank. Ich mache meine Bankgesch\u00e4fte online von zuhause aus.&nbsp;<strong>Ich telefoniere mit meinen Enkelkindern in England einmal pro Woche via Skype&nbsp;<\/strong>und sehe am Computerbildschirm wie sich meine 1-j\u00e4hrige Ur-Enkelin von Woche zu Woche ver\u00e4ndert. Es ist nicht wie ein echter Besuch. Aber es ist allemal besser, als sie nicht zu sehen und h\u00f6ren.&nbsp;<strong>Mit meinen Freunden haben wir einen Online-Stammtisch via Zoom gegr\u00fcndet<\/strong>. Einmal pro Woche zu einer fixen Zeit treffen wir uns im virtuellen \u201eWirts-\u201eRaum, jeder mit seinem Lieblingsbier an der Seite und tratschen \u00fcber alles M\u00f6gliche. Bei den ersten Schritten haben mich mein Sohn und meine Nachbarin unterst\u00fctzt. Jetzt geht es schon alleine. Auch beim Digitalen gilt \u201e\u00dcbung macht den Meister\u201c. Also \u00fcbe ich flei\u00dfig. F\u00fcr mich ist es auch eine Form des t\u00e4glichen Ged\u00e4chtnistrainings.\u201c Hut ab, kann ich nur sagen.<\/p>\n\n\n\n<p>\u00dcbrigens <a rel=\"noreferrer noopener\" href=\"https:\/\/mobilit\u00e4ts-scouts.at\/?p=1148\" target=\"_blank\">das Handy kann auch Ihr Leben retten.<\/a>&nbsp;<\/p>\n\n\n\n<p><strong>Bleiben Sie dran! Weiter geht es mit Teil 5 am Mittwoch, 08.09.2021<\/strong>!<\/p>\n\n\n\n<p><em>Ich w\u00fcnsche Ihnen mit dieser Beitragsserie eine interessante und kurzweilige Analyse Ihres Lebensumfeldes sowie wertvolle Informationen f\u00fcr die weitere Lebensgestaltung.<\/em><\/p>\n\n\n\n<p><em>Ihre Sophie Stein<\/em><\/p>\n\n\n\n<p><em>==&gt; Sie wollen Informationen und\/oder Ihre Erkenntnisse mit mir und anderen im world-wide-web teilen? Schreiben Sie an: <strong>info@mobilit\u00e4ts-scouts.at<\/strong>, Betreff: lebenswertes und altersgerechtes Wohnumfeld<\/em><\/p>\n\n\n\n<p><strong>Das k\u00f6nnte Sie auch interessieren:<\/strong> <a rel=\"noreferrer noopener\" href=\"https:\/\/mobilit\u00e4ts-scouts.at\/?p=1281\" target=\"_blank\">Wie lebenswert und altersgerecht ist Ihr n\u00e4heres Wohnumfeld? Teil 1<\/a><\/p>\n\n\n\n<p><a rel=\"noreferrer noopener\" href=\"https:\/\/mobilit\u00e4ts-scouts.at\/?p=2192\" target=\"_blank\">Erstellen Sie Ihre Lebensumfeld-Zukunftsbilanz! Teil 2: Wie lebenswert und altersgerecht ist Ihr n\u00e4heres Wohnumfeld?<\/a>,<\/p>\n\n\n\n<p><a rel=\"noreferrer noopener\" href=\"https:\/\/mobilit\u00e4ts-scouts.at\/?p=2198\" target=\"_blank\">Weitgehend selbstbestimmt und unabh\u00e4ngig im gewohnten Umfeld leben ist Ihnen m\u00f6glich? Teil 3: Wie lebenswert und altersgerecht ist Ihr n\u00e4heres Wohnumfeld?<\/a><\/p>\n","protected":false},"excerpt":{"rendered":"<p>\u00dcberlegen Sie welchen Stellenwert Senior*innen in Ihrem Ort bzw. in Ihrer Stadt haben. Was wird von \u00f6ffentlicher, privater, karitativer Seite f\u00fcr diese Bev\u00f6lkerungsgruppe getan? Welche Vereine gibt es, die auch f\u00fcr \u00e4ltere Menschen attraktiv sind? Welche Nachbarschaftsinitiativen gibt es? Welche Einrichtungen f\u00fcr Senioren sind vorhanden \u2013 f\u00fcr welche Altersgruppe? Welche kognitiven und physischen Anforderungen stellen [&hellip;]<\/p>\n","protected":false},"author":14,"featured_media":0,"comment_status":"closed","ping_status":"closed","sticky":false,"template":"","format":"standard","meta":{"_et_pb_use_builder":"","_et_pb_old_content":"","_et_gb_content_width":""},"categories":[1,31,90],"tags":[98,299,294,108,99,296,293,295,300],"_links":{"self":[{"href":"https:\/\/xn--mobilitts-scouts-1nb.at\/index.php?rest_route=\/wp\/v2\/posts\/2201"}],"collection":[{"href":"https:\/\/xn--mobilitts-scouts-1nb.at\/index.php?rest_route=\/wp\/v2\/posts"}],"about":[{"href":"https:\/\/xn--mobilitts-scouts-1nb.at\/index.php?rest_route=\/wp\/v2\/types\/post"}],"author":[{"embeddable":true,"href":"https:\/\/xn--mobilitts-scouts-1nb.at\/index.php?rest_route=\/wp\/v2\/users\/14"}],"replies":[{"embeddable":true,"href":"https:\/\/xn--mobilitts-scouts-1nb.at\/index.php?rest_route=%2Fwp%2Fv2%2Fcomments&post=2201"}],"version-history":[{"count":22,"href":"https:\/\/xn--mobilitts-scouts-1nb.at\/index.php?rest_route=\/wp\/v2\/posts\/2201\/revisions"}],"predecessor-version":[{"id":2294,"href":"https:\/\/xn--mobilitts-scouts-1nb.at\/index.php?rest_route=\/wp\/v2\/posts\/2201\/revisions\/2294"}],"wp:attachment":[{"href":"https:\/\/xn--mobilitts-scouts-1nb.at\/index.php?rest_route=%2Fwp%2Fv2%2Fmedia&parent=2201"}],"wp:term":[{"taxonomy":"category","embeddable":true,"href":"https:\/\/xn--mobilitts-scouts-1nb.at\/index.php?rest_route=%2Fwp%2Fv2%2Fcategories&post=2201"},{"taxonomy":"post_tag","embeddable":true,"href":"https:\/\/xn--mobilitts-scouts-1nb.at\/index.php?rest_route=%2Fwp%2Fv2%2Ftags&post=2201"}],"curies":[{"name":"wp","href":"https:\/\/api.w.org\/{rel}","templated":true}]}}