{"id":2210,"date":"2021-09-20T08:13:27","date_gmt":"2021-09-20T06:13:27","guid":{"rendered":"https:\/\/xn--mobilitts-scouts-1nb.at\/?p=2210"},"modified":"2021-09-20T08:13:29","modified_gmt":"2021-09-20T06:13:29","slug":"wie-attraktiv-sind-oeffentliche-raeume-und-begegnungszonen-in-ihrem-wohnumfeld-teil-5-wie-lebenswert-und-altersgerecht-ist-ihr-naeheres-wohnumfeld","status":"publish","type":"post","link":"https:\/\/xn--mobilitts-scouts-1nb.at\/?p=2210","title":{"rendered":"Wie attraktiv sind \u00f6ffentliche R\u00e4ume und Begegnungszonen in Ihrem Wohnumfeld? Teil 5: Wie lebenswert und altersgerecht ist Ihr n\u00e4heres Wohnumfeld?"},"content":{"rendered":"\n<p>Ihr \u201eGr\u00e4tzl\u201c \u2013\u00a0<strong>wie ist der erste Eindruck <\/strong>von Ihrem Wohnumfeld? Ist es attraktiv? Zeigen Sie es Ihren Besucher*innen stolz her oder finden Sie, es hat seine besseren Zeiten schon gesehen? Ist es attraktiv? Braucht die Mehrheit der H\u00e4user einen Anstrich? Sind die G\u00e4rten rund um die H\u00e4user gepflegt? Stra\u00dfen und Gehwege sind sauber? Sind die\u00a0<strong>Stra\u00dfen und Pl\u00e4tze gut beschriftet<\/strong>, die H\u00e4user sichtbar nummeriert? Die Orientierung f\u00e4llt auch einem Fremden leicht?<\/p>\n\n\n\n<h4>Mit den Augen eines Fu\u00dfg\u00e4ngers betrachtet<\/h4>\n\n\n\n<p>Gibt es ausreichend&nbsp;<strong>Gehwege<\/strong>&nbsp;zu den wichtigsten Gesch\u00e4ften und Einrichtungen des t\u00e4glichen Lebens? Sind Sie gut beschattet? Dies wird in Zeiten der Klimaerw\u00e4rmung immer wichtiger. Wie schaut es mit der Qualit\u00e4t der Gehwege aus? Sind sie eben sowie frei von Rissen und L\u00f6chern? Die&nbsp;<strong>Bordsteinkanten&nbsp;<\/strong>fallen an den Kreuzungen auf Stra\u00dfenniveau ab, so dass mit Rollator und Rollstuhl ein h\u00fcrdenfreies Fortkommen gesichert ist? Die&nbsp;<strong>Gehfl\u00e4chen<\/strong>&nbsp;sind ausreichend breit und frei von Hindernissen f\u00fcr die Benutzung mit Gehhilfen und Fortbewegungsmitteln?&nbsp;<\/p>\n\n\n\n<p>Fu\u00dfg\u00e4nger\u00fcberg\u00e4nge sind&nbsp;<strong>mit Zebrastreifen oder Verkehrsampeln gesichert<\/strong>? Die Gr\u00fcnphase der Fu\u00dfg\u00e4ngerampel ist ausreichend lang um die Stra\u00dfe ohne Laufschritt \u00fcberqueren zu k\u00f6nnen? Neben optischen Signalen gibt es auch akustische Signale der Ampeln f\u00fcr Personen mit Sehschwierigkeiten?<\/p>\n\n\n\n<p>Gehwege, Pl\u00e4tze und Stra\u00dfen sind&nbsp;<strong>ausreichend beleuchtet<\/strong>? Wenn n\u00f6tig, sind sie auch mit \u00dcberwachungskameras ausgestattet? F\u00fcr Radfahrer gibt es eigene gut gekennzeichnete und beleuchtete Fahrradspuren?<\/p>\n\n\n\n<p>\u00dcbrigens auch junge M\u00fctter mit Kinderw\u00e4gen freuen sich, wenn bez\u00fcglich dieser Themen alles in Ordnung ist. Wenn Sie M\u00e4ngel finden, Verbesserungsvorschl\u00e4ge haben,\u00a0<strong>bilden Sie eine Allianz \u201eSenior*innen &amp; Jungm\u00fctter\u201c!<\/strong>\u00a0Zeigen Sie gemeinsam die Schwachstellen in Ihrem Wohnumfeld bei den Beh\u00f6rden auf und bitten um Sanierung.<\/p>\n\n\n\n<h4>Gr\u00fcnfl\u00e4chen, Sitzfl\u00e4chen und \u00f6ffentliche WC-Anlagen<\/h4>\n\n\n\n<p>Nicht jeder hat einen Garten, Balkon oder Terrasse zuhause. Daher sind attraktive, den eigenen vier W\u00e4nden nahegelegene Gr\u00fcnfl\u00e4chen und Erholungsr\u00e4ume f\u00fcr \u00e4ltere Menschen wichtig. Sie n\u00fctzen diese gern f\u00fcr&nbsp;<strong>Spazierg\u00e4nge im Gr\u00fcnen,&nbsp;<\/strong>f\u00fcr<strong>&nbsp;ein Sonnenbad&nbsp;<\/strong>im Fr\u00fchling oder Herbst,&nbsp;<strong>eine Rast ohne Konsumzwang<\/strong>&nbsp;oder f\u00fcr einen&nbsp;<strong>unverbindlichen Plausch mit der SitznachbarIn auf der Parkbank<\/strong>. Sie haben keine Online-Plattform wie Tinder oder Parship n\u00f6tig um Leute kennenzulernen. Senioren&nbsp;verwenden \u201eParkship\u201c und kommen so offline und real mit Leuten ins Gespr\u00e4ch. Sie kn\u00fcpfen Bekanntschaften und nicht selten Freundschaften auf einer Parkbank.<\/p>\n\n\n\n<figure class=\"wp-block-image\"><img loading=\"lazy\" width=\"1024\" height=\"768\" src=\"https:\/\/xn--mobilitts-scouts-1nb.at\/wp-content\/uploads\/2021\/02\/Wandern-Weg-Wasser-1024x768.jpg\" alt=\"\" class=\"wp-image-1212\" srcset=\"https:\/\/xn--mobilitts-scouts-1nb.at\/wp-content\/uploads\/2021\/02\/Wandern-Weg-Wasser-980x735.jpg 980w, https:\/\/xn--mobilitts-scouts-1nb.at\/wp-content\/uploads\/2021\/02\/Wandern-Weg-Wasser-480x360.jpg 480w\" sizes=\"(min-width: 0px) and (max-width: 480px) 480px, (min-width: 481px) and (max-width: 980px) 980px, (min-width: 981px) 1024px, 100vw\" \/><figcaption>FotoCredit: Sophie Stein. Heimat<\/figcaption><\/figure>\n\n\n\n<p>Gibt es Gr\u00fcnfl\u00e4chen und Parks mit&nbsp;<strong>ausreichend Sitzgelegenheiten in ruhiger Umgebung<\/strong>? Die B\u00e4nke sind sowohl in der Sonne als auch im Schatten? Die Sicherheit der Benutzer ist gew\u00e4hrleistet? Die Sitzgelegenheiten sind gut einsehbar und gut ausgeleuchtet?<\/p>\n\n\n\n<p>Gen\u00fcgend Sitzgelegenheiten bei Haltestellen von \u00f6ffentlichen Verkehrsmitteln, Fahrtendiensten oder bei Einkaufszentren sind gegeben? Sie sollten auch&nbsp;<strong>vor Sonne, Wind und Wetter gesch\u00fctzt<\/strong>sein.&nbsp;<strong>Das Material der B\u00e4nke sollte ein Sitzen bei Plus- und Minusgraden erm\u00f6glichen, Herr Architekt erh\u00f6ren Sie bitte diesen Wunsch!&nbsp;<\/strong><\/p>\n\n\n\n<p>Viele \u00e4ltere Personen leiden unter Blasenschw\u00e4che. Die&nbsp;<strong>konsumfreie Ben\u00fctzung von WC\u2019s<\/strong>&nbsp;in Gastst\u00e4tten und Kaffeeh\u00e4usern (siehe auch&nbsp;<a rel=\"noreferrer noopener\" href=\"http:\/\/www.die-nette-toilette.de\" target=\"_blank\">http:\/\/www.die-nette-toilette.de<\/a>) sowie \u00f6ffentliche, saubere WC-Anlagen sind daher wichtig f\u00fcr sie. Gibt es sie ausreichend in der N\u00e4he von Gr\u00fcnfl\u00e4chen, Parks und Einkaufsgesch\u00e4ften?<\/p>\n\n\n\n<p>Schon gespannt was im letzten Beitrag unserer Serie auf Sie wartet? Dann <strong>schauen Sie am Mittwoch, 29.09.2021 wieder vorbei!<\/strong><\/p>\n\n\n\n<p><em>Ich w\u00fcnsche Ihnen mit dieser Beitragsserie eine interessante und kurzweilige Analyse Ihres Lebensumfeldes sowie wertvolle Informationen f\u00fcr die weitere Lebensgestaltung.<\/em><\/p>\n\n\n\n<p><em>Ihre Sophie Stein<\/em><\/p>\n\n\n\n<p><em>==&gt; Sie wollen Informationen und\/oder Ihre Erkenntnisse mit mir und anderen im world-wide-web teilen? Schreiben Sie an: <strong>info@mobilit\u00e4ts-scouts.at<\/strong>, Betreff: lebenswertes und altersgerechtes Wohnumfeld<\/em><\/p>\n\n\n\n<p><strong>Das k\u00f6nnte Sie auch interessieren:<\/strong> <a href=\"https:\/\/mobilit\u00e4ts-scouts.at\/?p=1281\" target=\"_blank\" rel=\"noreferrer noopener\">Wie lebenswert und altersgerecht ist Ihr n\u00e4heres Wohnumfeld? Teil 1<\/a><\/p>\n\n\n\n<p><a rel=\"noreferrer noopener\" href=\"https:\/\/mobilit\u00e4ts-scouts.at\/?p=2192\" target=\"_blank\">Erstellen Sie Ihre Lebensumfeld-Zukunftsbilanz! Teil 2: Wie lebenswert und altersgerecht ist Ihr n\u00e4heres Wohnumfeld?<\/a><\/p>\n\n\n\n<p><a rel=\"noreferrer noopener\" href=\"https:\/\/mobilit\u00e4ts-scouts.at\/?p=2198\" target=\"_blank\">Weitgehend selbstbestimmt und unabh\u00e4ngig im gewohnten Umfeld leben ist Ihnen m\u00f6glich? Teil 3: Wie lebenswert und altersgerecht ist Ihr n\u00e4heres Wohnumfeld?<\/a><\/p>\n\n\n\n<p><a rel=\"noreferrer noopener\" href=\"https:\/\/mobilit\u00e4ts-scouts.at\/?p=2201\" target=\"_blank\">Gesellschaftliches Leben und Soziale Teilhabe in Ihrem Wohnumfeld. Teil 4: Wie lebenswert und altersgerecht ist Ihr n\u00e4heres Wohnumfeld?<\/a><\/p>\n","protected":false},"excerpt":{"rendered":"<p>Ihr \u201eGr\u00e4tzl\u201c \u2013\u00a0wie ist der erste Eindruck von Ihrem Wohnumfeld? Ist es attraktiv? Zeigen Sie es Ihren Besucher*innen stolz her oder finden Sie, es hat seine besseren Zeiten schon gesehen? Ist es attraktiv? Braucht die Mehrheit der H\u00e4user einen Anstrich? Sind die G\u00e4rten rund um die H\u00e4user gepflegt? Stra\u00dfen und Gehwege sind sauber? Sind die\u00a0Stra\u00dfen [&hellip;]<\/p>\n","protected":false},"author":14,"featured_media":0,"comment_status":"closed","ping_status":"closed","sticky":false,"template":"","format":"standard","meta":{"_et_pb_use_builder":"","_et_pb_old_content":"","_et_gb_content_width":""},"categories":[1,31,90],"tags":[310,311,91,305,308,303,304,306,108,99,309,301,302,307],"_links":{"self":[{"href":"https:\/\/xn--mobilitts-scouts-1nb.at\/index.php?rest_route=\/wp\/v2\/posts\/2210"}],"collection":[{"href":"https:\/\/xn--mobilitts-scouts-1nb.at\/index.php?rest_route=\/wp\/v2\/posts"}],"about":[{"href":"https:\/\/xn--mobilitts-scouts-1nb.at\/index.php?rest_route=\/wp\/v2\/types\/post"}],"author":[{"embeddable":true,"href":"https:\/\/xn--mobilitts-scouts-1nb.at\/index.php?rest_route=\/wp\/v2\/users\/14"}],"replies":[{"embeddable":true,"href":"https:\/\/xn--mobilitts-scouts-1nb.at\/index.php?rest_route=%2Fwp%2Fv2%2Fcomments&post=2210"}],"version-history":[{"count":8,"href":"https:\/\/xn--mobilitts-scouts-1nb.at\/index.php?rest_route=\/wp\/v2\/posts\/2210\/revisions"}],"predecessor-version":[{"id":2300,"href":"https:\/\/xn--mobilitts-scouts-1nb.at\/index.php?rest_route=\/wp\/v2\/posts\/2210\/revisions\/2300"}],"wp:attachment":[{"href":"https:\/\/xn--mobilitts-scouts-1nb.at\/index.php?rest_route=%2Fwp%2Fv2%2Fmedia&parent=2210"}],"wp:term":[{"taxonomy":"category","embeddable":true,"href":"https:\/\/xn--mobilitts-scouts-1nb.at\/index.php?rest_route=%2Fwp%2Fv2%2Fcategories&post=2210"},{"taxonomy":"post_tag","embeddable":true,"href":"https:\/\/xn--mobilitts-scouts-1nb.at\/index.php?rest_route=%2Fwp%2Fv2%2Ftags&post=2210"}],"curies":[{"name":"wp","href":"https:\/\/api.w.org\/{rel}","templated":true}]}}