{"id":2326,"date":"2021-10-06T13:42:27","date_gmt":"2021-10-06T11:42:27","guid":{"rendered":"https:\/\/xn--mobilitts-scouts-1nb.at\/?p=2326"},"modified":"2021-10-06T13:42:28","modified_gmt":"2021-10-06T11:42:28","slug":"mobilitaets-scouts-gesucht","status":"publish","type":"post","link":"https:\/\/xn--mobilitts-scouts-1nb.at\/?p=2326","title":{"rendered":"Mobilit\u00e4ts-Scouts Gesucht!"},"content":{"rendered":"\n<p>Wir suchen \u00e4ltere Freiwillige, die sich als Mobilit\u00e4ts-Scouts engagieren wollen! <\/p>\n\n\n\n<p><em>Sie wollen mehr \u00fcber altersgerechte Gestaltung des \u00f6ffentlichen Raums und Barrierefreiheit erfahren, selbst aktiv werden und Ihre Umgebung erforschen? Sie sind interessiert daran, mit netten Leuten gemeinsame Projekte umzusetzen?<\/em><\/p>\n\n\n\n<p>Dann werden Sie Mobilit\u00e4ts-Scout! Melden Sie sich einfach bei uns f\u00fcr weitere Informationen oder <strong>kommen Sie zu unserer n\u00e4chsten Informationsveranstaltung!<\/strong><\/p>\n\n\n\n<p><strong>Wann?<\/strong> Mittwoch 13.Oktober 2021 \/ 09:00 &#8211; 11:00 Uhr<\/p>\n\n\n\n<p><strong>Wo?<\/strong> Wiener Hilfswerk, Schottenfeldgasse 29, 7. Bezirk<\/p>\n\n\n\n<p><strong>Kontakt:<\/strong> Susanne Dobner; dobner@queraum.org, +43 660 412 24 10<\/p>\n\n\n\n<figure class=\"wp-block-gallery columns-1 is-cropped\"><ul class=\"blocks-gallery-grid\"><li class=\"blocks-gallery-item\"><figure><img loading=\"lazy\" width=\"1024\" height=\"730\" src=\"https:\/\/xn--mobilitts-scouts-1nb.at\/wp-content\/uploads\/2021\/10\/Bildschirmfoto-2021-10-06-um-13.35.54-1024x730.png\" alt=\"\" data-id=\"2328\" data-full-url=\"https:\/\/xn--mobilitts-scouts-1nb.at\/wp-content\/uploads\/2021\/10\/Bildschirmfoto-2021-10-06-um-13.35.54.png\" data-link=\"https:\/\/xn--mobilitts-scouts-1nb.at\/?attachment_id=2328\" class=\"wp-image-2328\" srcset=\"https:\/\/xn--mobilitts-scouts-1nb.at\/wp-content\/uploads\/2021\/10\/Bildschirmfoto-2021-10-06-um-13.35.54-1024x730.png 1024w, https:\/\/xn--mobilitts-scouts-1nb.at\/wp-content\/uploads\/2021\/10\/Bildschirmfoto-2021-10-06-um-13.35.54-980x698.png 980w, https:\/\/xn--mobilitts-scouts-1nb.at\/wp-content\/uploads\/2021\/10\/Bildschirmfoto-2021-10-06-um-13.35.54-480x342.png 480w\" sizes=\"(min-width: 0px) and (max-width: 480px) 480px, (min-width: 481px) and (max-width: 980px) 980px, (min-width: 981px) 1024px, 100vw\" \/><\/figure><\/li><\/ul><\/figure>\n\n\n\n<figure class=\"wp-block-gallery columns-1 is-cropped\"><ul class=\"blocks-gallery-grid\"><li class=\"blocks-gallery-item\"><figure><img loading=\"lazy\" width=\"1024\" height=\"730\" src=\"https:\/\/xn--mobilitts-scouts-1nb.at\/wp-content\/uploads\/2021\/10\/Bildschirmfoto-2021-10-06-um-13.36.04-1024x730.png\" alt=\"\" data-id=\"2329\" data-full-url=\"https:\/\/xn--mobilitts-scouts-1nb.at\/wp-content\/uploads\/2021\/10\/Bildschirmfoto-2021-10-06-um-13.36.04.png\" data-link=\"https:\/\/xn--mobilitts-scouts-1nb.at\/?attachment_id=2329\" class=\"wp-image-2329\" srcset=\"https:\/\/xn--mobilitts-scouts-1nb.at\/wp-content\/uploads\/2021\/10\/Bildschirmfoto-2021-10-06-um-13.36.04-1024x730.png 1024w, https:\/\/xn--mobilitts-scouts-1nb.at\/wp-content\/uploads\/2021\/10\/Bildschirmfoto-2021-10-06-um-13.36.04-980x699.png 980w, https:\/\/xn--mobilitts-scouts-1nb.at\/wp-content\/uploads\/2021\/10\/Bildschirmfoto-2021-10-06-um-13.36.04-480x342.png 480w\" sizes=\"(min-width: 0px) and (max-width: 480px) 480px, (min-width: 481px) and (max-width: 980px) 980px, (min-width: 981px) 1024px, 100vw\" \/><\/figure><\/li><\/ul><\/figure>\n\n\n\n<div class=\"wp-block-file\"><a href=\"https:\/\/xn--mobilitts-scouts-1nb.at\/wp-content\/uploads\/2021\/10\/MobilityScout_Infoveranstaltung.pdf\">MobilityScout_Infoveranstaltung<\/a><a href=\"https:\/\/xn--mobilitts-scouts-1nb.at\/wp-content\/uploads\/2021\/10\/MobilityScout_Infoveranstaltung.pdf\" class=\"wp-block-file__button\" download>Herunterladen<\/a><\/div>\n\n\n\n<figure class=\"wp-block-gallery columns-1 is-cropped\"><ul class=\"blocks-gallery-grid\"><li class=\"blocks-gallery-item\"><figure><img loading=\"lazy\" width=\"902\" height=\"601\" src=\"https:\/\/xn--mobilitts-scouts-1nb.at\/wp-content\/uploads\/2020\/11\/carousel8.jpg\" alt=\"\" data-id=\"19\" data-full-url=\"https:\/\/xn--mobilitts-scouts-1nb.at\/wp-content\/uploads\/2020\/11\/carousel8.jpg\" data-link=\"https:\/\/xn--mobilitts-scouts-1nb.at\/?attachment_id=19\" class=\"wp-image-19\" srcset=\"https:\/\/xn--mobilitts-scouts-1nb.at\/wp-content\/uploads\/2020\/11\/carousel8.jpg 902w, https:\/\/xn--mobilitts-scouts-1nb.at\/wp-content\/uploads\/2020\/11\/carousel8-300x200.jpg 300w, https:\/\/xn--mobilitts-scouts-1nb.at\/wp-content\/uploads\/2020\/11\/carousel8-768x512.jpg 768w\" sizes=\"(max-width: 902px) 100vw, 902px\" \/><figcaption class=\"blocks-gallery-item__caption\">Foto: \u00a9 queraum. kultur- und sozialforschung<\/figcaption><\/figure><\/li><\/ul><\/figure>\n","protected":false},"excerpt":{"rendered":"<p>Wir suchen \u00e4ltere Freiwillige, die sich als Mobilit\u00e4ts-Scouts engagieren wollen! Sie wollen mehr \u00fcber altersgerechte Gestaltung des \u00f6ffentlichen Raums und Barrierefreiheit erfahren, selbst aktiv werden und Ihre Umgebung erforschen? Sie sind interessiert daran, mit netten Leuten gemeinsame Projekte umzusetzen? Dann werden Sie Mobilit\u00e4ts-Scout! Melden Sie sich einfach bei uns f\u00fcr weitere Informationen oder kommen Sie [&hellip;]<\/p>\n","protected":false},"author":2,"featured_media":0,"comment_status":"closed","ping_status":"closed","sticky":false,"template":"","format":"standard","meta":{"_et_pb_use_builder":"","_et_pb_old_content":"","_et_gb_content_width":""},"categories":[31],"tags":[],"_links":{"self":[{"href":"https:\/\/xn--mobilitts-scouts-1nb.at\/index.php?rest_route=\/wp\/v2\/posts\/2326"}],"collection":[{"href":"https:\/\/xn--mobilitts-scouts-1nb.at\/index.php?rest_route=\/wp\/v2\/posts"}],"about":[{"href":"https:\/\/xn--mobilitts-scouts-1nb.at\/index.php?rest_route=\/wp\/v2\/types\/post"}],"author":[{"embeddable":true,"href":"https:\/\/xn--mobilitts-scouts-1nb.at\/index.php?rest_route=\/wp\/v2\/users\/2"}],"replies":[{"embeddable":true,"href":"https:\/\/xn--mobilitts-scouts-1nb.at\/index.php?rest_route=%2Fwp%2Fv2%2Fcomments&post=2326"}],"version-history":[{"count":5,"href":"https:\/\/xn--mobilitts-scouts-1nb.at\/index.php?rest_route=\/wp\/v2\/posts\/2326\/revisions"}],"predecessor-version":[{"id":2334,"href":"https:\/\/xn--mobilitts-scouts-1nb.at\/index.php?rest_route=\/wp\/v2\/posts\/2326\/revisions\/2334"}],"wp:attachment":[{"href":"https:\/\/xn--mobilitts-scouts-1nb.at\/index.php?rest_route=%2Fwp%2Fv2%2Fmedia&parent=2326"}],"wp:term":[{"taxonomy":"category","embeddable":true,"href":"https:\/\/xn--mobilitts-scouts-1nb.at\/index.php?rest_route=%2Fwp%2Fv2%2Fcategories&post=2326"},{"taxonomy":"post_tag","embeddable":true,"href":"https:\/\/xn--mobilitts-scouts-1nb.at\/index.php?rest_route=%2Fwp%2Fv2%2Ftags&post=2326"}],"curies":[{"name":"wp","href":"https:\/\/api.w.org\/{rel}","templated":true}]}}