{"id":2369,"date":"2021-12-02T13:30:13","date_gmt":"2021-12-02T12:30:13","guid":{"rendered":"https:\/\/xn--mobilitts-scouts-1nb.at\/?p=2369"},"modified":"2021-12-02T13:30:15","modified_gmt":"2021-12-02T12:30:15","slug":"die-mobilitaets-scouts-auf-der-wiener-freiwilligenmesse-ein-erfahrungsbericht","status":"publish","type":"post","link":"https:\/\/xn--mobilitts-scouts-1nb.at\/?p=2369","title":{"rendered":"Die Mobilit\u00e4ts-Scouts auf der Wiener Freiwilligenmesse: Ein Erfahrungsbericht"},"content":{"rendered":"\n<p>Es ist bereits \u00fcber einen Monat her, seit einige Mobilit\u00e4ts Scouts an der <a rel=\"noreferrer noopener\" href=\"https:\/\/www.freiwilligenmesse.at\/\" target=\"_blank\">Wiener Freiwilligen Messe<\/a> im Rathaus teilgenommen haben. Wir waren das erste Mal dabei \u2013 und es war wichtig f\u00fcr uns, um noch bekannter zu werden und vielleicht sogar neue Mitgestalter*innen zu gewinnen, die die gleiche Begeisterung haben wie wir, um Ver\u00e4nderungen in unserer Stadt zu bewirken.<\/p>\n\n\n\n<figure class=\"wp-block-gallery columns-2 is-cropped\"><ul class=\"blocks-gallery-grid\"><li class=\"blocks-gallery-item\"><figure><img loading=\"lazy\" width=\"1024\" height=\"768\" src=\"https:\/\/xn--mobilitts-scouts-1nb.at\/wp-content\/uploads\/2021\/12\/IMG_20211009_141600-1024x768.jpg\" alt=\"\" data-id=\"2373\" data-full-url=\"https:\/\/xn--mobilitts-scouts-1nb.at\/wp-content\/uploads\/2021\/12\/IMG_20211009_141600-scaled.jpg\" data-link=\"https:\/\/xn--mobilitts-scouts-1nb.at\/?attachment_id=2373\" class=\"wp-image-2373\" srcset=\"https:\/\/xn--mobilitts-scouts-1nb.at\/wp-content\/uploads\/2021\/12\/IMG_20211009_141600-980x735.jpg 980w, https:\/\/xn--mobilitts-scouts-1nb.at\/wp-content\/uploads\/2021\/12\/IMG_20211009_141600-480x360.jpg 480w\" sizes=\"(min-width: 0px) and (max-width: 480px) 480px, (min-width: 481px) and (max-width: 980px) 980px, (min-width: 981px) 1024px, 100vw\" \/><figcaption class=\"blocks-gallery-item__caption\">\u00a9 Mobilit\u00e4ts-Scouts<\/figcaption><\/figure><\/li><li class=\"blocks-gallery-item\"><figure><img loading=\"lazy\" width=\"768\" height=\"1024\" src=\"https:\/\/xn--mobilitts-scouts-1nb.at\/wp-content\/uploads\/2021\/12\/IMG_20211009_113348-768x1024.jpg\" alt=\"\" data-id=\"2371\" data-full-url=\"https:\/\/xn--mobilitts-scouts-1nb.at\/wp-content\/uploads\/2021\/12\/IMG_20211009_113348-scaled.jpg\" data-link=\"https:\/\/xn--mobilitts-scouts-1nb.at\/?attachment_id=2371\" class=\"wp-image-2371\"\/><figcaption class=\"blocks-gallery-item__caption\">\u00a9 Mobilit\u00e4ts-Scouts<\/figcaption><\/figure><\/li><\/ul><\/figure>\n\n\n\n<p><em>Blo\u00df<\/em>\u00a0wie machen wir uns bekannt und ermutigen diejenigen mit guten Ideen, mitzumachen?\u00a0\u00a0Ich dachte daran zur\u00fcck, wie ich angefangen habe, mich bei den Mobilit\u00e4ts-Scouts f\u00fcr ein alternsfreundliches Wien zu engagieren. Es war im Gespr\u00e4ch mit Janet, als ich ihr von meinem Wunsch erz\u00e4hlte, die Situation f\u00fcr \u00e4ltere Menschen zu verbessern. Dann erw\u00e4hnte sie, wie sie in einer Gruppe \u2013 den Mobilit\u00e4ts-Scouts &#8211; war, die darauf abzielte, W\u00fcnsche in die Realit\u00e4t umzusetzen, und schlug mir vor einmal mitzukommen um zu sehen, ob mir gef\u00e4llt, wie sie arbeiten.<\/p>\n\n\n\n<p>Dabei kam ich auf die Idee, einen Weg zu finden, um die W\u00fcnsche und Ideen der Besucher*innen sichtbar zu machen. Die Leute, die an unserem Stand vorbeikommen, sollten uns ihre W\u00fcnsche nach Verbesserungen an dieser Stadt sagen, oder noch besser, diese aufschreiben. Auf diese Weise h\u00e4tten wir eine M\u00f6glichkeit, mit Besucher*innen ins Gespr\u00e4ch zu kommen. Wir h\u00e4tten damit auch zugleich eine Sammlung an Ideen und W\u00fcnschen, die wir als Anregungen an die zust\u00e4ndigen Beh\u00f6rden weitergeben k\u00f6nnten.<\/p>\n\n\n\n<figure class=\"wp-block-gallery columns-2 is-cropped\"><ul class=\"blocks-gallery-grid\"><li class=\"blocks-gallery-item\"><figure><img loading=\"lazy\" width=\"1024\" height=\"768\" src=\"https:\/\/xn--mobilitts-scouts-1nb.at\/wp-content\/uploads\/2021\/12\/IMG_20211010_143807-1024x768.jpg\" alt=\"\" data-id=\"2375\" data-full-url=\"https:\/\/xn--mobilitts-scouts-1nb.at\/wp-content\/uploads\/2021\/12\/IMG_20211010_143807-scaled.jpg\" data-link=\"https:\/\/xn--mobilitts-scouts-1nb.at\/?attachment_id=2375\" class=\"wp-image-2375\" srcset=\"https:\/\/xn--mobilitts-scouts-1nb.at\/wp-content\/uploads\/2021\/12\/IMG_20211010_143807-980x735.jpg 980w, https:\/\/xn--mobilitts-scouts-1nb.at\/wp-content\/uploads\/2021\/12\/IMG_20211010_143807-480x360.jpg 480w\" sizes=\"(min-width: 0px) and (max-width: 480px) 480px, (min-width: 481px) and (max-width: 980px) 980px, (min-width: 981px) 1024px, 100vw\" \/><figcaption class=\"blocks-gallery-item__caption\">\u00a9 Mobilit\u00e4ts-Scouts<\/figcaption><\/figure><\/li><li class=\"blocks-gallery-item\"><figure><img loading=\"lazy\" width=\"768\" height=\"1024\" src=\"https:\/\/xn--mobilitts-scouts-1nb.at\/wp-content\/uploads\/2021\/12\/IMG_20211010_143758-768x1024.jpg\" alt=\"\" data-id=\"2374\" data-full-url=\"https:\/\/xn--mobilitts-scouts-1nb.at\/wp-content\/uploads\/2021\/12\/IMG_20211010_143758-scaled.jpg\" data-link=\"https:\/\/xn--mobilitts-scouts-1nb.at\/?attachment_id=2374\" class=\"wp-image-2374\"\/><figcaption class=\"blocks-gallery-item__caption\">\u00a9 Mobilit\u00e4ts-Scouts<\/figcaption><\/figure><\/li><\/ul><\/figure>\n\n\n\n<p>Zus\u00e4tzlich zu unserer \u201cIdeenwand\u201d hatten wir einen Info-Flyer und unsere Visitenkarten zum Verteilen. Zuf\u00e4lligerweise gab es gleich in der n\u00e4chsten Woche eine allgemeine Info-Veranstaltung f\u00fcr alle Personen, die noch mehr \u00fcber uns wissen wollten. Dar\u00fcber hinaus haben wir diejenigen, die stehen blieben, um einen Post-it-Zettel auszuf\u00fcllen, mit einer speziellen Wasserflasche belohnt.&nbsp;<\/p>\n\n\n\n<p>Uns ist sofort aufgefallen, dass sehr viele Leute angaben, dass sie es vermissen, einen konsumfreien Gr\u00e4tzel-Treffpunkt zu haben, der nicht&nbsp;nur&nbsp;f\u00fcr Senior*innen gedacht ist \u2013 von der Idee her angelehnt an Jugendzentren &#8211;&nbsp;&nbsp;aber f\u00fcr Leute ab 25 Jahre.<\/p>\n\n\n\n<p>Die zweith\u00e4ufigste Beschwerde war, dass die Zeit f\u00fcr das \u00dcberqueren einer Stra\u00dfe f\u00fcr viele Menschen viel zu kurz sei. Einige erw\u00e4hnten, dass diejenigen, die in ihren Autos s\u00e4\u00dfen, bequem s\u00e4\u00dfen, aber die Fu\u00dfg\u00e4nger*innen m\u00fcssten oft lange (stehend) warten und dann, wenn es f\u00fcr sie gr\u00fcn w\u00fcrde, m\u00fcssten sie sich sehr beeilen.<\/p>\n\n\n\n<p>Viele Besucher*innen erw\u00e4hnten auch die fehlenden \u00f6ffentlichen Toiletten an vielen Orten in Wien \u2013 wenn Sie dazu mehr lesen m\u00f6chten, empfehlen wir den Blogbeitrag \u201e<a rel=\"noreferrer noopener\" href=\"https:\/\/mobilit\u00e4ts-scouts.at\/?p=1664\" target=\"_blank\">Toilette Gesucht! Blo\u00df Wo?<\/a>\u201c <\/p>\n\n\n\n<p>Alles in allem bin ich froh, dabei gewesen zu sein, und ich hoffe, dass wir noch mehr Menschen erreicht haben, die sich unseren Bem\u00fchungen anschlie\u00dfen, Wien (noch) lebenswerter und alternsgerechter zu machen.<\/p>\n\n\n\n<p><em>Sie wollen Informationen und\/oder Ihre Ideen und Anliegen mit uns und anderen im world-wide-web teilen? Schreiben Sie an:\u00a0<strong>info@mobilit\u00e4ts-scouts.at<\/strong>, Betreff: Altersfreundliches Wien<\/em><\/p>\n","protected":false},"excerpt":{"rendered":"<p>Es ist bereits \u00fcber einen Monat her, seit einige Mobilit\u00e4ts Scouts an der Wiener Freiwilligen Messe im Rathaus teilgenommen haben. Wir waren das erste Mal dabei \u2013 und es war wichtig f\u00fcr uns, um noch bekannter zu werden und vielleicht sogar neue Mitgestalter*innen zu gewinnen, die die gleiche Begeisterung haben wie wir, um Ver\u00e4nderungen in [&hellip;]<\/p>\n","protected":false},"author":7,"featured_media":0,"comment_status":"closed","ping_status":"closed","sticky":false,"template":"","format":"standard","meta":{"_et_pb_use_builder":"","_et_pb_old_content":"","_et_gb_content_width":""},"categories":[31],"tags":[328,325,164,327,326],"_links":{"self":[{"href":"https:\/\/xn--mobilitts-scouts-1nb.at\/index.php?rest_route=\/wp\/v2\/posts\/2369"}],"collection":[{"href":"https:\/\/xn--mobilitts-scouts-1nb.at\/index.php?rest_route=\/wp\/v2\/posts"}],"about":[{"href":"https:\/\/xn--mobilitts-scouts-1nb.at\/index.php?rest_route=\/wp\/v2\/types\/post"}],"author":[{"embeddable":true,"href":"https:\/\/xn--mobilitts-scouts-1nb.at\/index.php?rest_route=\/wp\/v2\/users\/7"}],"replies":[{"embeddable":true,"href":"https:\/\/xn--mobilitts-scouts-1nb.at\/index.php?rest_route=%2Fwp%2Fv2%2Fcomments&post=2369"}],"version-history":[{"count":6,"href":"https:\/\/xn--mobilitts-scouts-1nb.at\/index.php?rest_route=\/wp\/v2\/posts\/2369\/revisions"}],"predecessor-version":[{"id":2384,"href":"https:\/\/xn--mobilitts-scouts-1nb.at\/index.php?rest_route=\/wp\/v2\/posts\/2369\/revisions\/2384"}],"wp:attachment":[{"href":"https:\/\/xn--mobilitts-scouts-1nb.at\/index.php?rest_route=%2Fwp%2Fv2%2Fmedia&parent=2369"}],"wp:term":[{"taxonomy":"category","embeddable":true,"href":"https:\/\/xn--mobilitts-scouts-1nb.at\/index.php?rest_route=%2Fwp%2Fv2%2Fcategories&post=2369"},{"taxonomy":"post_tag","embeddable":true,"href":"https:\/\/xn--mobilitts-scouts-1nb.at\/index.php?rest_route=%2Fwp%2Fv2%2Ftags&post=2369"}],"curies":[{"name":"wp","href":"https:\/\/api.w.org\/{rel}","templated":true}]}}