{"id":2502,"date":"2022-04-21T15:58:10","date_gmt":"2022-04-21T13:58:10","guid":{"rendered":"https:\/\/xn--mobilitts-scouts-1nb.at\/?p=2502"},"modified":"2022-04-21T15:58:12","modified_gmt":"2022-04-21T13:58:12","slug":"in-wien-mitgestalten","status":"publish","type":"post","link":"https:\/\/xn--mobilitts-scouts-1nb.at\/?p=2502","title":{"rendered":"in Wien \u201cMitgestalten\u201d"},"content":{"rendered":"\n<p>Beteiligung in Wien &#8211; Projekte<\/p>\n\n\n\n<h2>Wo in Wien beteiligen?<\/h2>\n\n\n\n<blockquote class=\"wp-block-quote\"><p>Holen Sie Sich einen raschen \u00dcberblick, wo in Wien das \u201cMitgestalten\u201d m\u00f6glich ist.\u00a0<a href=\"https:\/\/www.wiengestalten.at\/aktuelle-projekte\/\">Aktuelle Projekte<\/a>\u00a0und\u00a0<a href=\"https:\/\/www.wiengestalten.at\/termine\/\">Termine<\/a>\u00a0zu Kinder- und Jugendpartizipation, der Gestaltung von Gemeinschaftsg\u00e4rten und Parks, Stra\u00dfen oder Pl\u00e4tzen, der Entwicklung von Stadtteilen, wie auch Projekte von Gr\u00e4tzelinitativen, der Lokalen Agenda 21, Gebietsbetreuungen und des Stadtteilmanagements finden Sie in unserer\u00a0<a href=\"https:\/\/www.wiengestalten.at\/projektsuche\/\">Wissensdatenbank<\/a>.         <a href=\"https:\/\/www.wiengestalten.at\/\">https:\/\/www.wiengestalten.at\/<\/a><\/p><\/blockquote>\n\n\n\n<figure class=\"wp-block-image\"><img alt=\"\" \/><\/figure>\n\n\n\n<p><\/p>\n","protected":false},"excerpt":{"rendered":"<p>Beteiligung in Wien &#8211; Projekte Wo in Wien beteiligen? Holen Sie Sich einen raschen \u00dcberblick, wo in Wien das \u201cMitgestalten\u201d m\u00f6glich ist.\u00a0Aktuelle Projekte\u00a0und\u00a0Termine\u00a0zu Kinder- und Jugendpartizipation, der Gestaltung von Gemeinschaftsg\u00e4rten und Parks, Stra\u00dfen oder Pl\u00e4tzen, der Entwicklung von Stadtteilen, wie auch Projekte von Gr\u00e4tzelinitativen, der Lokalen Agenda 21, Gebietsbetreuungen und des Stadtteilmanagements finden Sie in [&hellip;]<\/p>\n","protected":false},"author":7,"featured_media":0,"comment_status":"closed","ping_status":"closed","sticky":false,"template":"","format":"standard","meta":{"_et_pb_use_builder":"","_et_pb_old_content":"","_et_gb_content_width":""},"categories":[111,48],"tags":[361,364,360,347,363,362],"_links":{"self":[{"href":"https:\/\/xn--mobilitts-scouts-1nb.at\/index.php?rest_route=\/wp\/v2\/posts\/2502"}],"collection":[{"href":"https:\/\/xn--mobilitts-scouts-1nb.at\/index.php?rest_route=\/wp\/v2\/posts"}],"about":[{"href":"https:\/\/xn--mobilitts-scouts-1nb.at\/index.php?rest_route=\/wp\/v2\/types\/post"}],"author":[{"embeddable":true,"href":"https:\/\/xn--mobilitts-scouts-1nb.at\/index.php?rest_route=\/wp\/v2\/users\/7"}],"replies":[{"embeddable":true,"href":"https:\/\/xn--mobilitts-scouts-1nb.at\/index.php?rest_route=%2Fwp%2Fv2%2Fcomments&post=2502"}],"version-history":[{"count":1,"href":"https:\/\/xn--mobilitts-scouts-1nb.at\/index.php?rest_route=\/wp\/v2\/posts\/2502\/revisions"}],"predecessor-version":[{"id":2503,"href":"https:\/\/xn--mobilitts-scouts-1nb.at\/index.php?rest_route=\/wp\/v2\/posts\/2502\/revisions\/2503"}],"wp:attachment":[{"href":"https:\/\/xn--mobilitts-scouts-1nb.at\/index.php?rest_route=%2Fwp%2Fv2%2Fmedia&parent=2502"}],"wp:term":[{"taxonomy":"category","embeddable":true,"href":"https:\/\/xn--mobilitts-scouts-1nb.at\/index.php?rest_route=%2Fwp%2Fv2%2Fcategories&post=2502"},{"taxonomy":"post_tag","embeddable":true,"href":"https:\/\/xn--mobilitts-scouts-1nb.at\/index.php?rest_route=%2Fwp%2Fv2%2Ftags&post=2502"}],"curies":[{"name":"wp","href":"https:\/\/api.w.org\/{rel}","templated":true}]}}