{"id":2557,"date":"2022-08-09T11:55:20","date_gmt":"2022-08-09T09:55:20","guid":{"rendered":"https:\/\/xn--mobilitts-scouts-1nb.at\/?p=2557"},"modified":"2022-08-09T11:56:17","modified_gmt":"2022-08-09T09:56:17","slug":"lust-auf-gemuetliche-wanderungen-in-der-steiermark-dann-auf-nach-feldbach-neue-wanderbroschuere-des-projekts-miteinander-aktiv","status":"publish","type":"post","link":"https:\/\/xn--mobilitts-scouts-1nb.at\/?p=2557","title":{"rendered":"Lust auf gem\u00fctliche Wanderungen in der Steiermark? Dann auf nach Feldbach: neue Wanderbrosch\u00fcre des Projekts &#8222;Miteinander Aktiv&#8220;"},"content":{"rendered":"\n<p><strong>Neue Wanderbrosch\u00fcre aus Feldbach, Steiermark! <\/strong>Die, im Rahmen des Projektes <strong>\u201eMiteinander aktiv\u201c<\/strong>  erstellte Wander-Brosch\u00fcre wurde im Juni vorgestellt und der Gemeinde pr\u00e4sentiert. Neben der Brosch\u00fcre mit insgesamt 8 Wanderungen in und um Feldbach wurde auch eine Tafel mit verschiedenen Gymnastik\u00fcbungen aufgestellt. Zus\u00e4tzlich sind regelm\u00e4\u00dfig gef\u00fchrte Wanderungen mit den jeweiligen Ersteller*innen der Touren geplant.<\/p>\n\n\n\n<figure class=\"wp-block-gallery columns-1 is-cropped\"><ul class=\"blocks-gallery-grid\"><li class=\"blocks-gallery-item\"><figure><img loading=\"lazy\" width=\"768\" height=\"1024\" src=\"https:\/\/xn--mobilitts-scouts-1nb.at\/wp-content\/uploads\/2022\/08\/Gymnastiku\u0308bungen-1-768x1024.jpg\" alt=\"\" data-id=\"2562\" data-full-url=\"https:\/\/xn--mobilitts-scouts-1nb.at\/wp-content\/uploads\/2022\/08\/Gymnastiku\u0308bungen-1-scaled.jpg\" data-link=\"https:\/\/xn--mobilitts-scouts-1nb.at\/?attachment_id=2562\" class=\"wp-image-2562\" srcset=\"https:\/\/xn--mobilitts-scouts-1nb.at\/wp-content\/uploads\/2022\/08\/Gymnastiku\u0308bungen-1-768x1024.jpg 768w, https:\/\/xn--mobilitts-scouts-1nb.at\/wp-content\/uploads\/2022\/08\/Gymnastiku\u0308bungen-1-225x300.jpg 225w, https:\/\/xn--mobilitts-scouts-1nb.at\/wp-content\/uploads\/2022\/08\/Gymnastiku\u0308bungen-1-1152x1536.jpg 1152w, https:\/\/xn--mobilitts-scouts-1nb.at\/wp-content\/uploads\/2022\/08\/Gymnastiku\u0308bungen-1-1536x2048.jpg 1536w, https:\/\/xn--mobilitts-scouts-1nb.at\/wp-content\/uploads\/2022\/08\/Gymnastiku\u0308bungen-1-1080x1440.jpg 1080w, https:\/\/xn--mobilitts-scouts-1nb.at\/wp-content\/uploads\/2022\/08\/Gymnastiku\u0308bungen-1-1280x1707.jpg 1280w, https:\/\/xn--mobilitts-scouts-1nb.at\/wp-content\/uploads\/2022\/08\/Gymnastiku\u0308bungen-1-980x1307.jpg 980w, https:\/\/xn--mobilitts-scouts-1nb.at\/wp-content\/uploads\/2022\/08\/Gymnastiku\u0308bungen-1-480x640.jpg 480w, https:\/\/xn--mobilitts-scouts-1nb.at\/wp-content\/uploads\/2022\/08\/Gymnastiku\u0308bungen-1-scaled.jpg 1920w\" sizes=\"(max-width: 768px) 100vw, 768px\" \/><figcaption class=\"blocks-gallery-item__caption\">\u00a9 Josef Roth<\/figcaption><\/figure><\/li><\/ul><\/figure>\n\n\n\n<p>Lesen Sie im Artikel &#8222;<em><a rel=\"noreferrer noopener\" href=\"https:\/\/www.meinbezirk.at\/suedoststeiermark\/c-lokales\/wandern-rund-um-feldbach_a5415031\" target=\"_blank\">Miteinander Aktiv &#8211; Wandern rund um Feldbach<\/a><\/em>&#8220; der Bezirkszeitung mehr zur Pr\u00e4sentation der Wanderwege in Feldbach.<\/p>\n\n\n\n<p>Mehr zum Projekt &#8222;Miteinander Aktiv&#8220; finden Sie in diesem Blogbeitrag &#8222;<a rel=\"noreferrer noopener\" href=\"https:\/\/mobilit\u00e4ts-scouts.at\/?p=2475\" target=\"_blank\">Werfen Sie mit uns einen Blick auf das Projekt &#8222;Miteinander Aktiv in Feldbach\/Steiermark<\/a>&#8222;!<\/p>\n\n\n\n<figure class=\"wp-block-gallery columns-1 is-cropped\"><ul class=\"blocks-gallery-grid\"><li class=\"blocks-gallery-item\"><figure><img loading=\"lazy\" width=\"1024\" height=\"696\" src=\"https:\/\/xn--mobilitts-scouts-1nb.at\/wp-content\/uploads\/2022\/08\/20220615_Pra\u0308sentation-der-Broschu\u0308re-1024x696.jpg\" alt=\"\" data-id=\"2560\" data-full-url=\"https:\/\/xn--mobilitts-scouts-1nb.at\/wp-content\/uploads\/2022\/08\/20220615_Pra\u0308sentation-der-Broschu\u0308re-scaled.jpg\" data-link=\"https:\/\/xn--mobilitts-scouts-1nb.at\/?attachment_id=2560\" class=\"wp-image-2560\" srcset=\"https:\/\/xn--mobilitts-scouts-1nb.at\/wp-content\/uploads\/2022\/08\/20220615_Pra\u0308sentation-der-Broschu\u0308re-1024x696.jpg 1024w, https:\/\/xn--mobilitts-scouts-1nb.at\/wp-content\/uploads\/2022\/08\/20220615_Pra\u0308sentation-der-Broschu\u0308re-300x204.jpg 300w, https:\/\/xn--mobilitts-scouts-1nb.at\/wp-content\/uploads\/2022\/08\/20220615_Pra\u0308sentation-der-Broschu\u0308re-768x522.jpg 768w, https:\/\/xn--mobilitts-scouts-1nb.at\/wp-content\/uploads\/2022\/08\/20220615_Pra\u0308sentation-der-Broschu\u0308re-1536x1043.jpg 1536w, https:\/\/xn--mobilitts-scouts-1nb.at\/wp-content\/uploads\/2022\/08\/20220615_Pra\u0308sentation-der-Broschu\u0308re-2048x1391.jpg 2048w, https:\/\/xn--mobilitts-scouts-1nb.at\/wp-content\/uploads\/2022\/08\/20220615_Pra\u0308sentation-der-Broschu\u0308re-1080x734.jpg 1080w, https:\/\/xn--mobilitts-scouts-1nb.at\/wp-content\/uploads\/2022\/08\/20220615_Pra\u0308sentation-der-Broschu\u0308re-1280x870.jpg 1280w, https:\/\/xn--mobilitts-scouts-1nb.at\/wp-content\/uploads\/2022\/08\/20220615_Pra\u0308sentation-der-Broschu\u0308re-980x666.jpg 980w, https:\/\/xn--mobilitts-scouts-1nb.at\/wp-content\/uploads\/2022\/08\/20220615_Pra\u0308sentation-der-Broschu\u0308re-480x326.jpg 480w\" sizes=\"(max-width: 1024px) 100vw, 1024px\" \/><figcaption class=\"blocks-gallery-item__caption\">\u00a9 schmidbauer<\/figcaption><\/figure><\/li><\/ul><\/figure>\n\n\n\n<div class=\"wp-block-file\"><a href=\"https:\/\/xn--mobilitts-scouts-1nb.at\/wp-content\/uploads\/2022\/08\/Broschu\u0308re-wandern-miteinanderAktiv-Ansicht-DB.pdf\"><strong>Broschu\u0308re Wandern miteinander Aktiv<\/strong> hier zum runterladen<\/a><a href=\"https:\/\/xn--mobilitts-scouts-1nb.at\/wp-content\/uploads\/2022\/08\/Broschu\u0308re-wandern-miteinanderAktiv-Ansicht-DB.pdf\" class=\"wp-block-file__button\" download>Herunterladen<\/a><\/div>\n\n\n\n<p><\/p>\n","protected":false},"excerpt":{"rendered":"<p>Neue Wanderbrosch\u00fcre aus Feldbach, Steiermark! Die, im Rahmen des Projektes \u201eMiteinander aktiv\u201c erstellte Wander-Brosch\u00fcre wurde im Juni vorgestellt und der Gemeinde pr\u00e4sentiert. Neben der Brosch\u00fcre mit insgesamt 8 Wanderungen in und um Feldbach wurde auch eine Tafel mit verschiedenen Gymnastik\u00fcbungen aufgestellt. Zus\u00e4tzlich sind regelm\u00e4\u00dfig gef\u00fchrte Wanderungen mit den jeweiligen Ersteller*innen der Touren geplant. Lesen Sie [&hellip;]<\/p>\n","protected":false},"author":16,"featured_media":0,"comment_status":"closed","ping_status":"closed","sticky":false,"template":"","format":"standard","meta":{"_et_pb_use_builder":"","_et_pb_old_content":"","_et_gb_content_width":""},"categories":[31,388],"tags":[],"_links":{"self":[{"href":"https:\/\/xn--mobilitts-scouts-1nb.at\/index.php?rest_route=\/wp\/v2\/posts\/2557"}],"collection":[{"href":"https:\/\/xn--mobilitts-scouts-1nb.at\/index.php?rest_route=\/wp\/v2\/posts"}],"about":[{"href":"https:\/\/xn--mobilitts-scouts-1nb.at\/index.php?rest_route=\/wp\/v2\/types\/post"}],"author":[{"embeddable":true,"href":"https:\/\/xn--mobilitts-scouts-1nb.at\/index.php?rest_route=\/wp\/v2\/users\/16"}],"replies":[{"embeddable":true,"href":"https:\/\/xn--mobilitts-scouts-1nb.at\/index.php?rest_route=%2Fwp%2Fv2%2Fcomments&post=2557"}],"version-history":[{"count":10,"href":"https:\/\/xn--mobilitts-scouts-1nb.at\/index.php?rest_route=\/wp\/v2\/posts\/2557\/revisions"}],"predecessor-version":[{"id":2574,"href":"https:\/\/xn--mobilitts-scouts-1nb.at\/index.php?rest_route=\/wp\/v2\/posts\/2557\/revisions\/2574"}],"wp:attachment":[{"href":"https:\/\/xn--mobilitts-scouts-1nb.at\/index.php?rest_route=%2Fwp%2Fv2%2Fmedia&parent=2557"}],"wp:term":[{"taxonomy":"category","embeddable":true,"href":"https:\/\/xn--mobilitts-scouts-1nb.at\/index.php?rest_route=%2Fwp%2Fv2%2Fcategories&post=2557"},{"taxonomy":"post_tag","embeddable":true,"href":"https:\/\/xn--mobilitts-scouts-1nb.at\/index.php?rest_route=%2Fwp%2Fv2%2Ftags&post=2557"}],"curies":[{"name":"wp","href":"https:\/\/api.w.org\/{rel}","templated":true}]}}