{"id":2751,"date":"2023-02-21T10:52:27","date_gmt":"2023-02-21T09:52:27","guid":{"rendered":"https:\/\/xn--mobilitts-scouts-1nb.at\/?p=2751"},"modified":"2023-02-21T10:52:29","modified_gmt":"2023-02-21T09:52:29","slug":"mobilitaets-scouts-aktiv-im-klimaschutz","status":"publish","type":"post","link":"https:\/\/xn--mobilitts-scouts-1nb.at\/?p=2751","title":{"rendered":"Mobilit\u00e4ts-Scouts aktiv im Klimaschutz"},"content":{"rendered":"\n<p>Wie wirkt sich der Klimawandel auf Senior*innen aus? Welche Bedeutung spielen sie in der Klimaschutzbewegung? Wie k\u00f6nnen sich Senior*innen aktiv f\u00fcr den Klimaschutz einsetzen? Zu diesen Fragen konnten wir uns gemeinsam mit einer Mobilit\u00e4ts-Scout bei der Veranstaltung \u201eSenior:innen und Klimaschutz\u201c Mitte J\u00e4nner 2023 austauschen. Die Veranstaltung \u201eSenior:innen und Klimaschutz\u201c wurde vom Gr\u00fcnen Parlamentsklub organisiert. Seit 2018 setzen sich die Mobilit\u00e4ts-Scouts in Wien f\u00fcr wichtige Aspekte der Klimawandelanpassung ein, wie Beschattungen, Sitzgelegenheiten oder Trinkwasserspender.Bei den von den Mobilit\u00e4ts-Scouts entwickelten \u201e60PLUS-Checks\u201c werden Nachbarschaften und Gr\u00e4tzel auf ihre Alter(n)sfreundlichkeit \u00fcberpr\u00fcft. Ideen und Verbesserungsvorschl\u00e4ge werden dann an die verantwortlichen Stellen herangetragen.<\/p>\n\n\n\n<figure class=\"wp-block-gallery columns-2 is-cropped\"><ul class=\"blocks-gallery-grid\"><li class=\"blocks-gallery-item\"><figure><img loading=\"lazy\" width=\"1024\" height=\"681\" src=\"https:\/\/xn--mobilitts-scouts-1nb.at\/wp-content\/uploads\/2023\/02\/230119_gr_parlamentsklub_seniorinnen_klima-23-1024x681.jpg\" alt=\"\" data-id=\"2755\" data-full-url=\"https:\/\/xn--mobilitts-scouts-1nb.at\/wp-content\/uploads\/2023\/02\/230119_gr_parlamentsklub_seniorinnen_klima-23-scaled.jpg\" data-link=\"https:\/\/xn--mobilitts-scouts-1nb.at\/?attachment_id=2755\" class=\"wp-image-2755\" srcset=\"https:\/\/xn--mobilitts-scouts-1nb.at\/wp-content\/uploads\/2023\/02\/230119_gr_parlamentsklub_seniorinnen_klima-23-980x652.jpg 980w, https:\/\/xn--mobilitts-scouts-1nb.at\/wp-content\/uploads\/2023\/02\/230119_gr_parlamentsklub_seniorinnen_klima-23-480x319.jpg 480w\" sizes=\"(min-width: 0px) and (max-width: 480px) 480px, (min-width: 481px) and (max-width: 980px) 980px, (min-width: 981px) 1024px, 100vw\" \/><figcaption class=\"blocks-gallery-item__caption\">\u00a9 Pernegger<\/figcaption><\/figure><\/li><li class=\"blocks-gallery-item\"><figure><img loading=\"lazy\" width=\"1024\" height=\"683\" src=\"https:\/\/xn--mobilitts-scouts-1nb.at\/wp-content\/uploads\/2023\/02\/230119_gr_parlamentsklub_seniorinnen_klima-38-1024x683.jpg\" alt=\"\" data-id=\"2756\" data-full-url=\"https:\/\/xn--mobilitts-scouts-1nb.at\/wp-content\/uploads\/2023\/02\/230119_gr_parlamentsklub_seniorinnen_klima-38-scaled.jpg\" data-link=\"https:\/\/xn--mobilitts-scouts-1nb.at\/?attachment_id=2756\" class=\"wp-image-2756\" srcset=\"https:\/\/xn--mobilitts-scouts-1nb.at\/wp-content\/uploads\/2023\/02\/230119_gr_parlamentsklub_seniorinnen_klima-38-980x653.jpg 980w, https:\/\/xn--mobilitts-scouts-1nb.at\/wp-content\/uploads\/2023\/02\/230119_gr_parlamentsklub_seniorinnen_klima-38-480x320.jpg 480w\" sizes=\"(min-width: 0px) and (max-width: 480px) 480px, (min-width: 481px) and (max-width: 980px) 980px, (min-width: 981px) 1024px, 100vw\" \/><figcaption class=\"blocks-gallery-item__caption\">\u00a9 Pernegger<\/figcaption><\/figure><\/li><\/ul><\/figure>\n\n\n\n<p><a rel=\"noreferrer noopener\" href=\"https:\/\/mobilit\u00e4ts-scouts.at\/?p=2354\" target=\"_blank\">Hier<\/a> finden Sie die Ergebnisse und Verbesserungsvorschl\u00e4ge vom 60PLUS-Check in Hietzing!<\/p>\n\n\n\n<p><em>Sie wollen Informationen und\/oder Ihre Ideen und Anliegen mit uns und anderen im world-wide-web teilen? Schreiben Sie an:\u00a0<strong>info@mobilit\u00e4ts-scouts.at<\/strong>, Betreff: Altersfreundliches Wien<\/em><\/p>\n","protected":false},"excerpt":{"rendered":"<p>Wie wirkt sich der Klimawandel auf Senior*innen aus? Welche Bedeutung spielen sie in der Klimaschutzbewegung? Wie k\u00f6nnen sich Senior*innen aktiv f\u00fcr den Klimaschutz einsetzen? Zu diesen Fragen konnten wir uns gemeinsam mit einer Mobilit\u00e4ts-Scout bei der Veranstaltung \u201eSenior:innen und Klimaschutz\u201c Mitte J\u00e4nner 2023 austauschen. Die Veranstaltung \u201eSenior:innen und Klimaschutz\u201c wurde vom Gr\u00fcnen Parlamentsklub organisiert. Seit [&hellip;]<\/p>\n","protected":false},"author":16,"featured_media":0,"comment_status":"closed","ping_status":"closed","sticky":false,"template":"","format":"standard","meta":{"_et_pb_use_builder":"","_et_pb_old_content":"","_et_gb_content_width":""},"categories":[31],"tags":[430,429,14,164,215,55],"_links":{"self":[{"href":"https:\/\/xn--mobilitts-scouts-1nb.at\/index.php?rest_route=\/wp\/v2\/posts\/2751"}],"collection":[{"href":"https:\/\/xn--mobilitts-scouts-1nb.at\/index.php?rest_route=\/wp\/v2\/posts"}],"about":[{"href":"https:\/\/xn--mobilitts-scouts-1nb.at\/index.php?rest_route=\/wp\/v2\/types\/post"}],"author":[{"embeddable":true,"href":"https:\/\/xn--mobilitts-scouts-1nb.at\/index.php?rest_route=\/wp\/v2\/users\/16"}],"replies":[{"embeddable":true,"href":"https:\/\/xn--mobilitts-scouts-1nb.at\/index.php?rest_route=%2Fwp%2Fv2%2Fcomments&post=2751"}],"version-history":[{"count":5,"href":"https:\/\/xn--mobilitts-scouts-1nb.at\/index.php?rest_route=\/wp\/v2\/posts\/2751\/revisions"}],"predecessor-version":[{"id":2762,"href":"https:\/\/xn--mobilitts-scouts-1nb.at\/index.php?rest_route=\/wp\/v2\/posts\/2751\/revisions\/2762"}],"wp:attachment":[{"href":"https:\/\/xn--mobilitts-scouts-1nb.at\/index.php?rest_route=%2Fwp%2Fv2%2Fmedia&parent=2751"}],"wp:term":[{"taxonomy":"category","embeddable":true,"href":"https:\/\/xn--mobilitts-scouts-1nb.at\/index.php?rest_route=%2Fwp%2Fv2%2Fcategories&post=2751"},{"taxonomy":"post_tag","embeddable":true,"href":"https:\/\/xn--mobilitts-scouts-1nb.at\/index.php?rest_route=%2Fwp%2Fv2%2Ftags&post=2751"}],"curies":[{"name":"wp","href":"https:\/\/api.w.org\/{rel}","templated":true}]}}