{"id":2836,"date":"2023-07-14T11:32:04","date_gmt":"2023-07-14T09:32:04","guid":{"rendered":"https:\/\/xn--mobilitts-scouts-1nb.at\/?p=2836"},"modified":"2023-07-14T11:33:16","modified_gmt":"2023-07-14T09:33:16","slug":"mit-der-u-bahn-durch-kopenhagen-kein-platz-zum-sitzen","status":"publish","type":"post","link":"https:\/\/xn--mobilitts-scouts-1nb.at\/?p=2836","title":{"rendered":"Mit der U-Bahn durch Kopenhagen &#8211; Kein Platz zum Sitzen?"},"content":{"rendered":"\n<p>Eine Stadt im nicht ganz hohen Norden, aber immerhin ca. 870 km Luftlinie n\u00f6rdlich von Wien gelegen. Eine Stadt, in der die Sonne Mitte Juli erst kurz vor 22 Uhr untergeht, etwa eine Stunde sp\u00e4ter als in Wien.<\/p>\n\n\n\n<p>Mit etwa 644.000 Einwohnern betr\u00e4gt die Einwohnerzahl der Kommune Kopenhagen ziemlich genau ein Drittel von Wien. Kopenhagen gilt als eine der St\u00e4dte mit der h\u00f6chsten Lebensqualit\u00e4t weltweit. Im Lebensqualit\u00e4ts-Index 2023 liegt sie hinter Wien auf Platz 2 (<a href=\"https:\/\/www.eiu.com\/n\/campaigns\/global-liveability-index-2022\/\" target=\"_blank\" rel=\"noreferrer noopener\">Economist Intelligence Unit-Report<\/a>).<\/p>\n\n\n\n<p>Vermutlich tr\u00e4gt auch die U-Bahn zur hohen Lebensqualit\u00e4t bei. Erst im Jahr 2002 er\u00f6ffnet, f\u00e4hrt die U-Bahn vollautomatisch ohne Fahrer*in. Und da es nicht einmal eine Fahrer*innenkabine gibt, f\u00fchlte es sich schon seltsam an, als ich vom Flughafen die U-Bahn in Richtung meines Hotels nahm und mich ganz vorne in die erste Reihe vor das gro\u00dfe Fenster setzen konnte. Vor mir das Gleis und gleich auch der erste Tunnel.<\/p>\n\n\n\n<p>Sensibilisiert von unseren Mobilit\u00e4ts-Scouts, deren gro\u00dfes Anliegen auch die <a href=\"https:\/\/mobilit\u00e4ts-scouts.at\/?p=2040\" target=\"_blank\" rel=\"noreferrer noopener\">Anbringung von (\u00f6ffentlichen) Sitzgelegenheiten <\/a>in U-Bahn-Stationen ist, schaute ich mich in Kopenhagen um und entdeckte nur M\u00f6glichkeiten zum Anlehnen (siehe Foto unten), aber keine B\u00e4nke. <\/p>\n\n\n\n<figure class=\"wp-block-gallery columns-1 is-cropped\"><ul class=\"blocks-gallery-grid\"><li class=\"blocks-gallery-item\"><figure><img loading=\"lazy\" width=\"1024\" height=\"768\" src=\"https:\/\/xn--mobilitts-scouts-1nb.at\/wp-content\/uploads\/2023\/07\/U-Bahn_Bahnsteig_Kopenhagen-1024x768.jpg\" alt=\"\" data-id=\"2837\" data-full-url=\"https:\/\/xn--mobilitts-scouts-1nb.at\/wp-content\/uploads\/2023\/07\/U-Bahn_Bahnsteig_Kopenhagen-scaled.jpg\" data-link=\"https:\/\/xn--mobilitts-scouts-1nb.at\/?attachment_id=2837\" class=\"wp-image-2837\" srcset=\"https:\/\/xn--mobilitts-scouts-1nb.at\/wp-content\/uploads\/2023\/07\/U-Bahn_Bahnsteig_Kopenhagen-980x735.jpg 980w, https:\/\/xn--mobilitts-scouts-1nb.at\/wp-content\/uploads\/2023\/07\/U-Bahn_Bahnsteig_Kopenhagen-480x360.jpg 480w\" sizes=\"(min-width: 0px) and (max-width: 480px) 480px, (min-width: 481px) and (max-width: 980px) 980px, (min-width: 981px) 1024px, 100vw\" \/><figcaption class=\"blocks-gallery-item__caption\">U-Bahnsteig Kopenhagen \u00a9 Martin Oberbauer<\/figcaption><\/figure><\/li><\/ul><\/figure>\n\n\n\n<p>Anscheinend funktioniert das!? Und vielleicht ist das dem Umstand geschuldet, dass Kopenhagens U-Bahn t\u00e4glich rund um die Uhr f\u00e4hrt. Vielleicht wollten die Verantwortlichen (auch) nicht, dass die U-Bahn-Stationen n\u00e4chtens zum Verweilen einladen!? Ich habe das leider w\u00e4hrend meines Besuchs nicht herausgefunden &#8211; ein Austausch mit Verantwortlichen \u00fcber die Beweggr\u00fcnde und Personen mit Mobilit\u00e4tseinschr\u00e4kungen \u00fcber ihre Erfahrungen der banklosen U-Bahnstationen w\u00e4re sehr spannend. Was ich aber insgesamt festgestellt habe, war die sehr entspannte Stimmung in der Stadt, auf \u00f6ffentlichen Pl\u00e4tzen, in Lokalen und auch in der U-Bahn.<\/p>\n","protected":false},"excerpt":{"rendered":"<p>Eine Stadt im nicht ganz hohen Norden, aber immerhin ca. 870 km Luftlinie n\u00f6rdlich von Wien gelegen. Eine Stadt, in der die Sonne Mitte Juli erst kurz vor 22 Uhr untergeht, etwa eine Stunde sp\u00e4ter als in Wien. Mit etwa 644.000 Einwohnern betr\u00e4gt die Einwohnerzahl der Kommune Kopenhagen ziemlich genau ein Drittel von Wien. Kopenhagen [&hellip;]<\/p>\n","protected":false},"author":17,"featured_media":0,"comment_status":"closed","ping_status":"closed","sticky":false,"template":"","format":"standard","meta":{"_et_pb_use_builder":"","_et_pb_old_content":"","_et_gb_content_width":""},"categories":[31],"tags":[433,164,215,120,119,432],"_links":{"self":[{"href":"https:\/\/xn--mobilitts-scouts-1nb.at\/index.php?rest_route=\/wp\/v2\/posts\/2836"}],"collection":[{"href":"https:\/\/xn--mobilitts-scouts-1nb.at\/index.php?rest_route=\/wp\/v2\/posts"}],"about":[{"href":"https:\/\/xn--mobilitts-scouts-1nb.at\/index.php?rest_route=\/wp\/v2\/types\/post"}],"author":[{"embeddable":true,"href":"https:\/\/xn--mobilitts-scouts-1nb.at\/index.php?rest_route=\/wp\/v2\/users\/17"}],"replies":[{"embeddable":true,"href":"https:\/\/xn--mobilitts-scouts-1nb.at\/index.php?rest_route=%2Fwp%2Fv2%2Fcomments&post=2836"}],"version-history":[{"count":10,"href":"https:\/\/xn--mobilitts-scouts-1nb.at\/index.php?rest_route=\/wp\/v2\/posts\/2836\/revisions"}],"predecessor-version":[{"id":2849,"href":"https:\/\/xn--mobilitts-scouts-1nb.at\/index.php?rest_route=\/wp\/v2\/posts\/2836\/revisions\/2849"}],"wp:attachment":[{"href":"https:\/\/xn--mobilitts-scouts-1nb.at\/index.php?rest_route=%2Fwp%2Fv2%2Fmedia&parent=2836"}],"wp:term":[{"taxonomy":"category","embeddable":true,"href":"https:\/\/xn--mobilitts-scouts-1nb.at\/index.php?rest_route=%2Fwp%2Fv2%2Fcategories&post=2836"},{"taxonomy":"post_tag","embeddable":true,"href":"https:\/\/xn--mobilitts-scouts-1nb.at\/index.php?rest_route=%2Fwp%2Fv2%2Ftags&post=2836"}],"curies":[{"name":"wp","href":"https:\/\/api.w.org\/{rel}","templated":true}]}}