{"id":2873,"date":"2023-08-29T12:08:49","date_gmt":"2023-08-29T10:08:49","guid":{"rendered":"https:\/\/xn--mobilitts-scouts-1nb.at\/?p=2873"},"modified":"2023-08-29T14:06:43","modified_gmt":"2023-08-29T12:06:43","slug":"danke-graetzl-blattl-fuer-den-netten-beitrag-ueber-unsere-aktivitaeten","status":"publish","type":"post","link":"https:\/\/xn--mobilitts-scouts-1nb.at\/?p=2873","title":{"rendered":"Danke Gr\u00e4tzl-Blattl f\u00fcr den netten Beitrag \u00fcber unsere Aktivit\u00e4ten"},"content":{"rendered":"\n<p>Die Mobilit\u00e4ts-Scouts sind in verschiedenen Bezirken in Wien unterwegs &#8211; so auch in der Leopoldstadt, dem 2. Wiener Gemeindebezirk. Hier ist auch die Initiative &#8222;<em><a rel=\"noreferrer noopener\" href=\"https:\/\/geht-doch.wien\/\" target=\"_blank\">geht.doch-wien<\/a>, Initiative f\u00fcrs Zu Fuss Gehen und den \u00d6ffentlichen Raum<\/em>&#8220; sehr aktiv. Wir waren im Mai diesen Jahres bei der <a rel=\"noreferrer noopener\" href=\"https:\/\/geht-doch.wien\/2023\/05\/07\/1-wiener-ampelwanderung\/\" target=\"_blank\">1. Wiener Ampelwanderung<\/a> und sind sehr begeistert von ihren vielf\u00e4ltigen Aktivit\u00e4ten &#8211; je mehr Mitstreiter*innen f\u00fcr einen altersfreundlichen, lebenswerten \u00f6ffentlichen Raum, desto besser!<\/p>\n\n\n\n<p>Unter dem Titel &#8222;Gemeinsam aktiv werden f\u00fcr ein altersfreundliches Wien&#8220; ver\u00f6ffentlichte das Gr\u00e4tzl-Blattl, eine Bezirkszeitschrift aus der Leopoldstadt (2. Bezirk in Wien) in ihrer Sommerausgabe einen f\u00fcr uns sehr hilfreichen Beitrag \u00fcber die Mobilit\u00e4ts-Scouts. <em>Wer sind wir? Was machen wir? Wie kann man mitmachen? All das k\u00f6nnen Sie hier nachlesen<\/em>: <a href=\"https:\/\/graetzl-blattl.at\/zeitung\/beitrag\">https:\/\/graetzl-blattl.at\/zeitung\/beitrag<\/a><\/p>\n\n\n\n<p><\/p>\n\n\n\n<figure class=\"wp-block-gallery columns-3 is-cropped\"><ul class=\"blocks-gallery-grid\"><li class=\"blocks-gallery-item\"><figure><img loading=\"lazy\" width=\"1024\" height=\"683\" src=\"https:\/\/xn--mobilitts-scouts-1nb.at\/wp-content\/uploads\/2021\/10\/MdS-Hietzing-Mobilitaets-ScoutscVoglhuber-30-1024x683.jpg\" alt=\"\" data-id=\"2340\" data-full-url=\"https:\/\/xn--mobilitts-scouts-1nb.at\/wp-content\/uploads\/2021\/10\/MdS-Hietzing-Mobilitaets-ScoutscVoglhuber-30.jpg\" data-link=\"https:\/\/xn--mobilitts-scouts-1nb.at\/?attachment_id=2340\" class=\"wp-image-2340\" srcset=\"https:\/\/xn--mobilitts-scouts-1nb.at\/wp-content\/uploads\/2021\/10\/MdS-Hietzing-Mobilitaets-ScoutscVoglhuber-30-980x653.jpg 980w, https:\/\/xn--mobilitts-scouts-1nb.at\/wp-content\/uploads\/2021\/10\/MdS-Hietzing-Mobilitaets-ScoutscVoglhuber-30-480x320.jpg 480w\" sizes=\"(min-width: 0px) and (max-width: 480px) 480px, (min-width: 481px) and (max-width: 980px) 980px, (min-width: 981px) 1024px, 100vw\" \/><figcaption class=\"blocks-gallery-item__caption\">\u00a9 Voglhuber<\/figcaption><\/figure><\/li><li class=\"blocks-gallery-item\"><figure><img loading=\"lazy\" width=\"768\" height=\"1024\" src=\"https:\/\/xn--mobilitts-scouts-1nb.at\/wp-content\/uploads\/2021\/12\/IMG_20211010_143758-768x1024.jpg\" alt=\"\" data-id=\"2374\" data-full-url=\"https:\/\/xn--mobilitts-scouts-1nb.at\/wp-content\/uploads\/2021\/12\/IMG_20211010_143758-scaled.jpg\" data-link=\"https:\/\/xn--mobilitts-scouts-1nb.at\/?attachment_id=2374\" class=\"wp-image-2374\"\/><figcaption class=\"blocks-gallery-item__caption\">\u00a9 Mobilit\u00e4ts-Scouts<\/figcaption><\/figure><\/li><li class=\"blocks-gallery-item\"><figure><img loading=\"lazy\" width=\"1024\" height=\"683\" src=\"https:\/\/xn--mobilitts-scouts-1nb.at\/wp-content\/uploads\/2023\/02\/230119_gr_parlamentsklub_seniorinnen_klima-38-1024x683.jpg\" alt=\"\" data-id=\"2756\" data-full-url=\"https:\/\/xn--mobilitts-scouts-1nb.at\/wp-content\/uploads\/2023\/02\/230119_gr_parlamentsklub_seniorinnen_klima-38-scaled.jpg\" data-link=\"https:\/\/xn--mobilitts-scouts-1nb.at\/?attachment_id=2756\" class=\"wp-image-2756\" srcset=\"https:\/\/xn--mobilitts-scouts-1nb.at\/wp-content\/uploads\/2023\/02\/230119_gr_parlamentsklub_seniorinnen_klima-38-980x653.jpg 980w, https:\/\/xn--mobilitts-scouts-1nb.at\/wp-content\/uploads\/2023\/02\/230119_gr_parlamentsklub_seniorinnen_klima-38-480x320.jpg 480w\" sizes=\"(min-width: 0px) and (max-width: 480px) 480px, (min-width: 481px) and (max-width: 980px) 980px, (min-width: 981px) 1024px, 100vw\" \/><figcaption class=\"blocks-gallery-item__caption\">\u00a9 Pernegger<\/figcaption><\/figure><\/li><\/ul><\/figure>\n","protected":false},"excerpt":{"rendered":"<p>Die Mobilit\u00e4ts-Scouts sind in verschiedenen Bezirken in Wien unterwegs &#8211; so auch in der Leopoldstadt, dem 2. Wiener Gemeindebezirk. Hier ist auch die Initiative &#8222;geht.doch-wien, Initiative f\u00fcrs Zu Fuss Gehen und den \u00d6ffentlichen Raum&#8220; sehr aktiv. Wir waren im Mai diesen Jahres bei der 1. Wiener Ampelwanderung und sind sehr begeistert von ihren vielf\u00e4ltigen Aktivit\u00e4ten [&hellip;]<\/p>\n","protected":false},"author":16,"featured_media":0,"comment_status":"closed","ping_status":"closed","sticky":false,"template":"","format":"standard","meta":{"_et_pb_use_builder":"","_et_pb_old_content":"","_et_gb_content_width":""},"categories":[31,85],"tags":[435,164,389,436],"_links":{"self":[{"href":"https:\/\/xn--mobilitts-scouts-1nb.at\/index.php?rest_route=\/wp\/v2\/posts\/2873"}],"collection":[{"href":"https:\/\/xn--mobilitts-scouts-1nb.at\/index.php?rest_route=\/wp\/v2\/posts"}],"about":[{"href":"https:\/\/xn--mobilitts-scouts-1nb.at\/index.php?rest_route=\/wp\/v2\/types\/post"}],"author":[{"embeddable":true,"href":"https:\/\/xn--mobilitts-scouts-1nb.at\/index.php?rest_route=\/wp\/v2\/users\/16"}],"replies":[{"embeddable":true,"href":"https:\/\/xn--mobilitts-scouts-1nb.at\/index.php?rest_route=%2Fwp%2Fv2%2Fcomments&post=2873"}],"version-history":[{"count":9,"href":"https:\/\/xn--mobilitts-scouts-1nb.at\/index.php?rest_route=\/wp\/v2\/posts\/2873\/revisions"}],"predecessor-version":[{"id":2885,"href":"https:\/\/xn--mobilitts-scouts-1nb.at\/index.php?rest_route=\/wp\/v2\/posts\/2873\/revisions\/2885"}],"wp:attachment":[{"href":"https:\/\/xn--mobilitts-scouts-1nb.at\/index.php?rest_route=%2Fwp%2Fv2%2Fmedia&parent=2873"}],"wp:term":[{"taxonomy":"category","embeddable":true,"href":"https:\/\/xn--mobilitts-scouts-1nb.at\/index.php?rest_route=%2Fwp%2Fv2%2Fcategories&post=2873"},{"taxonomy":"post_tag","embeddable":true,"href":"https:\/\/xn--mobilitts-scouts-1nb.at\/index.php?rest_route=%2Fwp%2Fv2%2Ftags&post=2873"}],"curies":[{"name":"wp","href":"https:\/\/api.w.org\/{rel}","templated":true}]}}