{"id":2894,"date":"2023-10-27T08:35:43","date_gmt":"2023-10-27T06:35:43","guid":{"rendered":"https:\/\/xn--mobilitts-scouts-1nb.at\/?p=2894"},"modified":"2023-10-27T08:35:44","modified_gmt":"2023-10-27T06:35:44","slug":"spaziergang-im-4-bezirk-wie-altersfreundlich-ist-das-freihausviertel-die-mobilitaets-scouts-waren-dabei","status":"publish","type":"post","link":"https:\/\/xn--mobilitts-scouts-1nb.at\/?p=2894","title":{"rendered":"Spaziergang im 4. Bezirk: Wie altersfreundlich ist das Freihausviertel? Die Mobilit\u00e4ts-Scouts waren dabei!"},"content":{"rendered":"\n<p>Wir haben bereits einige 60PLUS Checks in verschiedenen Bezirken organisiert, wo wir aber bisher noch nicht waren ist der 4. Bezirk &#8222;Wieden&#8220;. Gemeinsam mit der dort sehr engagierten Lokale Agendagruppe &#8222;<a rel=\"noreferrer noopener\" href=\"https:\/\/www.agendawieden.at\/gruppe-detail\/Begegnung_im_Freihausviertel.html\" target=\"_blank\">Begegnung im Freihausviertel<\/a>&#8220; durften wir einen Spaziergang organisieren bei dem sich am 11. Oktober 2023 einige Personen beteiligten. <\/p>\n\n\n\n<figure class=\"wp-block-gallery columns-1 is-cropped\"><ul class=\"blocks-gallery-grid\"><li class=\"blocks-gallery-item\"><figure><img loading=\"lazy\" width=\"584\" height=\"829\" src=\"https:\/\/xn--mobilitts-scouts-1nb.at\/wp-content\/uploads\/2023\/10\/Bildschirmfoto-2023-10-25-um-17.37.59.png\" alt=\"\" data-id=\"2895\" data-full-url=\"https:\/\/xn--mobilitts-scouts-1nb.at\/wp-content\/uploads\/2023\/10\/Bildschirmfoto-2023-10-25-um-17.37.59.png\" data-link=\"https:\/\/xn--mobilitts-scouts-1nb.at\/?attachment_id=2895\" class=\"wp-image-2895\" srcset=\"https:\/\/xn--mobilitts-scouts-1nb.at\/wp-content\/uploads\/2023\/10\/Bildschirmfoto-2023-10-25-um-17.37.59.png 584w, https:\/\/xn--mobilitts-scouts-1nb.at\/wp-content\/uploads\/2023\/10\/Bildschirmfoto-2023-10-25-um-17.37.59-480x681.png 480w\" sizes=\"(min-width: 0px) and (max-width: 480px) 480px, (min-width: 481px) 584px, 100vw\" \/><figcaption class=\"blocks-gallery-item__caption\">Einladungsflyer<\/figcaption><\/figure><\/li><\/ul><\/figure>\n\n\n\n<p>Nach einer Begr\u00fc\u00dfung der Bezirksvorsteherin Mag.a Lea Halbwidl und einer kleinen Einf\u00fchrung ging es auch schon los: wir haben s\u00e4mtliche Stra\u00dfenz\u00fcge vom K\u00fchnplatz bis zum Amtshaus auf der Favoritenstra\u00dfe und dem Mozartplatz genau unter die Lupe genommen und einige Verbesserungsvorschl\u00e4ge gesammelt, die den verantwortlichen Stellen im Bezirk weitergeleitet werden. Hier noch ein paar Eindr\u00fccke von unserem Spaziergang:<\/p>\n\n\n\n<figure class=\"wp-block-gallery columns-3 is-cropped\"><ul class=\"blocks-gallery-grid\"><li class=\"blocks-gallery-item\"><figure><img loading=\"lazy\" width=\"1024\" height=\"768\" src=\"https:\/\/xn--mobilitts-scouts-1nb.at\/wp-content\/uploads\/2023\/10\/20231011_151222.jpg\" alt=\"\" data-id=\"2901\" data-full-url=\"https:\/\/xn--mobilitts-scouts-1nb.at\/wp-content\/uploads\/2023\/10\/20231011_151222.jpg\" data-link=\"https:\/\/xn--mobilitts-scouts-1nb.at\/?attachment_id=2901\" class=\"wp-image-2901\" srcset=\"https:\/\/xn--mobilitts-scouts-1nb.at\/wp-content\/uploads\/2023\/10\/20231011_151222.jpg 1024w, https:\/\/xn--mobilitts-scouts-1nb.at\/wp-content\/uploads\/2023\/10\/20231011_151222-980x735.jpg 980w, https:\/\/xn--mobilitts-scouts-1nb.at\/wp-content\/uploads\/2023\/10\/20231011_151222-480x360.jpg 480w\" sizes=\"(min-width: 0px) and (max-width: 480px) 480px, (min-width: 481px) and (max-width: 980px) 980px, (min-width: 981px) 1024px, 100vw\" \/><figcaption class=\"blocks-gallery-item__caption\">\u00a9 Ewald Muzler<\/figcaption><\/figure><\/li><li class=\"blocks-gallery-item\"><figure><img loading=\"lazy\" width=\"576\" height=\"768\" src=\"https:\/\/xn--mobilitts-scouts-1nb.at\/wp-content\/uploads\/2023\/10\/IMG_20231011_154654.jpg\" alt=\"\" data-id=\"2902\" data-full-url=\"https:\/\/xn--mobilitts-scouts-1nb.at\/wp-content\/uploads\/2023\/10\/IMG_20231011_154654.jpg\" data-link=\"https:\/\/xn--mobilitts-scouts-1nb.at\/?attachment_id=2902\" class=\"wp-image-2902\" srcset=\"https:\/\/xn--mobilitts-scouts-1nb.at\/wp-content\/uploads\/2023\/10\/IMG_20231011_154654.jpg 576w, https:\/\/xn--mobilitts-scouts-1nb.at\/wp-content\/uploads\/2023\/10\/IMG_20231011_154654-480x640.jpg 480w\" sizes=\"(min-width: 0px) and (max-width: 480px) 480px, (min-width: 481px) 576px, 100vw\" \/><figcaption class=\"blocks-gallery-item__caption\">\u00a9 Milena Schnee<\/figcaption><\/figure><\/li><li class=\"blocks-gallery-item\"><figure><img loading=\"lazy\" width=\"1024\" height=\"768\" src=\"https:\/\/xn--mobilitts-scouts-1nb.at\/wp-content\/uploads\/2023\/10\/IMG_20231011_170545.jpg\" alt=\"\" data-id=\"2903\" data-full-url=\"https:\/\/xn--mobilitts-scouts-1nb.at\/wp-content\/uploads\/2023\/10\/IMG_20231011_170545.jpg\" data-link=\"https:\/\/xn--mobilitts-scouts-1nb.at\/?attachment_id=2903\" class=\"wp-image-2903\" srcset=\"https:\/\/xn--mobilitts-scouts-1nb.at\/wp-content\/uploads\/2023\/10\/IMG_20231011_170545.jpg 1024w, https:\/\/xn--mobilitts-scouts-1nb.at\/wp-content\/uploads\/2023\/10\/IMG_20231011_170545-980x735.jpg 980w, https:\/\/xn--mobilitts-scouts-1nb.at\/wp-content\/uploads\/2023\/10\/IMG_20231011_170545-480x360.jpg 480w\" sizes=\"(min-width: 0px) and (max-width: 480px) 480px, (min-width: 481px) and (max-width: 980px) 980px, (min-width: 981px) 1024px, 100vw\" \/><figcaption class=\"blocks-gallery-item__caption\">@ Milena Schnee<\/figcaption><\/figure><\/li><li class=\"blocks-gallery-item\"><figure><img loading=\"lazy\" width=\"1024\" height=\"768\" src=\"https:\/\/xn--mobilitts-scouts-1nb.at\/wp-content\/uploads\/2023\/10\/20231011_163940.jpg\" alt=\"\" data-id=\"2904\" data-full-url=\"https:\/\/xn--mobilitts-scouts-1nb.at\/wp-content\/uploads\/2023\/10\/20231011_163940.jpg\" data-link=\"https:\/\/xn--mobilitts-scouts-1nb.at\/?attachment_id=2904\" class=\"wp-image-2904\" srcset=\"https:\/\/xn--mobilitts-scouts-1nb.at\/wp-content\/uploads\/2023\/10\/20231011_163940.jpg 1024w, https:\/\/xn--mobilitts-scouts-1nb.at\/wp-content\/uploads\/2023\/10\/20231011_163940-980x735.jpg 980w, https:\/\/xn--mobilitts-scouts-1nb.at\/wp-content\/uploads\/2023\/10\/20231011_163940-480x360.jpg 480w\" sizes=\"(min-width: 0px) and (max-width: 480px) 480px, (min-width: 481px) and (max-width: 980px) 980px, (min-width: 981px) 1024px, 100vw\" \/><figcaption class=\"blocks-gallery-item__caption\">\u00a9 Ewald Muzler<\/figcaption><\/figure><\/li><\/ul><\/figure>\n\n\n\n<p><strong>Sie wollen mehr Informationen zur Veranstaltung und\/oder Ihre Ideen und Anliegen mit uns und anderen im world-wide-web teilen?<\/strong> Schreiben Sie an: info@mobilit\u00e4ts-scouts.at, Betreff: Altersfreundliches Wien<\/p>\n","protected":false},"excerpt":{"rendered":"<p>Wir haben bereits einige 60PLUS Checks in verschiedenen Bezirken organisiert, wo wir aber bisher noch nicht waren ist der 4. Bezirk &#8222;Wieden&#8220;. Gemeinsam mit der dort sehr engagierten Lokale Agendagruppe &#8222;Begegnung im Freihausviertel&#8220; durften wir einen Spaziergang organisieren bei dem sich am 11. Oktober 2023 einige Personen beteiligten. Nach einer Begr\u00fc\u00dfung der Bezirksvorsteherin Mag.a Lea [&hellip;]<\/p>\n","protected":false},"author":16,"featured_media":0,"comment_status":"closed","ping_status":"closed","sticky":false,"template":"","format":"standard","meta":{"_et_pb_use_builder":"","_et_pb_old_content":"","_et_gb_content_width":""},"categories":[31,388],"tags":[],"_links":{"self":[{"href":"https:\/\/xn--mobilitts-scouts-1nb.at\/index.php?rest_route=\/wp\/v2\/posts\/2894"}],"collection":[{"href":"https:\/\/xn--mobilitts-scouts-1nb.at\/index.php?rest_route=\/wp\/v2\/posts"}],"about":[{"href":"https:\/\/xn--mobilitts-scouts-1nb.at\/index.php?rest_route=\/wp\/v2\/types\/post"}],"author":[{"embeddable":true,"href":"https:\/\/xn--mobilitts-scouts-1nb.at\/index.php?rest_route=\/wp\/v2\/users\/16"}],"replies":[{"embeddable":true,"href":"https:\/\/xn--mobilitts-scouts-1nb.at\/index.php?rest_route=%2Fwp%2Fv2%2Fcomments&post=2894"}],"version-history":[{"count":5,"href":"https:\/\/xn--mobilitts-scouts-1nb.at\/index.php?rest_route=\/wp\/v2\/posts\/2894\/revisions"}],"predecessor-version":[{"id":2907,"href":"https:\/\/xn--mobilitts-scouts-1nb.at\/index.php?rest_route=\/wp\/v2\/posts\/2894\/revisions\/2907"}],"wp:attachment":[{"href":"https:\/\/xn--mobilitts-scouts-1nb.at\/index.php?rest_route=%2Fwp%2Fv2%2Fmedia&parent=2894"}],"wp:term":[{"taxonomy":"category","embeddable":true,"href":"https:\/\/xn--mobilitts-scouts-1nb.at\/index.php?rest_route=%2Fwp%2Fv2%2Fcategories&post=2894"},{"taxonomy":"post_tag","embeddable":true,"href":"https:\/\/xn--mobilitts-scouts-1nb.at\/index.php?rest_route=%2Fwp%2Fv2%2Ftags&post=2894"}],"curies":[{"name":"wp","href":"https:\/\/api.w.org\/{rel}","templated":true}]}}