{"id":2908,"date":"2023-11-06T14:51:52","date_gmt":"2023-11-06T13:51:52","guid":{"rendered":"https:\/\/xn--mobilitts-scouts-1nb.at\/?p=2908"},"modified":"2024-04-18T12:34:47","modified_gmt":"2024-04-18T10:34:47","slug":"sitzgelegenheiten-im-oeffentlichen-raum","status":"publish","type":"post","link":"https:\/\/xn--mobilitts-scouts-1nb.at\/?p=2908","title":{"rendered":"Sitzgelegenheiten im \u00d6ffentlichen Raum"},"content":{"rendered":"\n<p>Sitzgelegenheiten im \u00f6ffentlichen Raum laden ein zum k\u00fcrzeren oder l\u00e4ngeren Verweilen, zur Rast, zum Schauen und Beobachten, aber auch zum Gespr\u00e4ch miteinander. Im Folgenden sind einige interessante und inspirierende Beispiele von Sitzgelegenheiten im \u00d6ffentlichen Raum angef\u00fchrt.<\/p>\n\n\n\n<p><\/p>\n\n\n\n<figure class=\"wp-block-gallery columns-2 is-cropped\"><ul class=\"blocks-gallery-grid\"><li class=\"blocks-gallery-item\"><figure><img loading=\"lazy\" width=\"1024\" height=\"768\" src=\"https:\/\/xn--mobilitts-scouts-1nb.at\/wp-content\/uploads\/2023\/11\/Sitz1-1024x768.jpg\" alt=\"Gassenbankerl in einer verkehrsberuhigten Stra\u00dfe\" data-id=\"2909\" data-full-url=\"https:\/\/xn--mobilitts-scouts-1nb.at\/wp-content\/uploads\/2023\/11\/Sitz1.jpg\" data-link=\"https:\/\/xn--mobilitts-scouts-1nb.at\/?attachment_id=2909\" class=\"wp-image-2909\" srcset=\"https:\/\/xn--mobilitts-scouts-1nb.at\/wp-content\/uploads\/2023\/11\/Sitz1-1024x768.jpg 1024w, https:\/\/xn--mobilitts-scouts-1nb.at\/wp-content\/uploads\/2023\/11\/Sitz1-980x735.jpg 980w, https:\/\/xn--mobilitts-scouts-1nb.at\/wp-content\/uploads\/2023\/11\/Sitz1-480x360.jpg 480w\" sizes=\"(min-width: 0px) and (max-width: 480px) 480px, (min-width: 481px) and (max-width: 980px) 980px, (min-width: 981px) 1024px, 100vw\" \/><figcaption class=\"blocks-gallery-item__caption\">Gassenbankerl in einer verkehrsberuhigten Stra\u00dfe. \u00a9Sophie Stein<\/figcaption><\/figure><\/li><li class=\"blocks-gallery-item\"><figure><img loading=\"lazy\" width=\"1024\" height=\"770\" src=\"https:\/\/xn--mobilitts-scouts-1nb.at\/wp-content\/uploads\/2023\/11\/Sitz3-1024x770.jpg\" alt=\"\" data-id=\"2911\" data-full-url=\"https:\/\/xn--mobilitts-scouts-1nb.at\/wp-content\/uploads\/2023\/11\/Sitz3.jpg\" data-link=\"https:\/\/xn--mobilitts-scouts-1nb.at\/?attachment_id=2911\" class=\"wp-image-2911\" srcset=\"https:\/\/xn--mobilitts-scouts-1nb.at\/wp-content\/uploads\/2023\/11\/Sitz3-980x737.jpg 980w, https:\/\/xn--mobilitts-scouts-1nb.at\/wp-content\/uploads\/2023\/11\/Sitz3-480x361.jpg 480w\" sizes=\"(min-width: 0px) and (max-width: 480px) 480px, (min-width: 481px) and (max-width: 980px) 980px, (min-width: 981px) 1024px, 100vw\" \/><figcaption class=\"blocks-gallery-item__caption\">Kommunikationsbank und Tratschtisch vorm Haus. \u00a9Sophie Stein<\/figcaption><\/figure><\/li><\/ul><\/figure>\n\n\n\n<figure class=\"wp-block-gallery columns-3 is-cropped\"><ul class=\"blocks-gallery-grid\"><li class=\"blocks-gallery-item\"><figure><img loading=\"lazy\" width=\"770\" height=\"1024\" src=\"https:\/\/xn--mobilitts-scouts-1nb.at\/wp-content\/uploads\/2023\/11\/Sitz4-770x1024.jpg\" alt=\"Hausbankerl.\" data-id=\"2912\" data-full-url=\"https:\/\/xn--mobilitts-scouts-1nb.at\/wp-content\/uploads\/2023\/11\/Sitz4.jpg\" data-link=\"https:\/\/xn--mobilitts-scouts-1nb.at\/?attachment_id=2912\" class=\"wp-image-2912\"\/><figcaption class=\"blocks-gallery-item__caption\"><br><br><br><br><br><br><br><br><br><br>Hausbankerl. \u00a9Sophie Stein<\/figcaption><\/figure><\/li><li class=\"blocks-gallery-item\"><figure><img loading=\"lazy\" width=\"1024\" height=\"770\" src=\"https:\/\/xn--mobilitts-scouts-1nb.at\/wp-content\/uploads\/2023\/11\/Sitz6-1024x770.jpg\" alt=\"Rollbare Bank in der Fu\u00dfg\u00e4ngerzone H\u00f6chst bei Frankfurt.\" data-id=\"2914\" data-full-url=\"https:\/\/xn--mobilitts-scouts-1nb.at\/wp-content\/uploads\/2023\/11\/Sitz6.jpg\" data-link=\"https:\/\/xn--mobilitts-scouts-1nb.at\/?attachment_id=2914\" class=\"wp-image-2914\" srcset=\"https:\/\/xn--mobilitts-scouts-1nb.at\/wp-content\/uploads\/2023\/11\/Sitz6-980x737.jpg 980w, https:\/\/xn--mobilitts-scouts-1nb.at\/wp-content\/uploads\/2023\/11\/Sitz6-480x361.jpg 480w\" sizes=\"(min-width: 0px) and (max-width: 480px) 480px, (min-width: 481px) and (max-width: 980px) 980px, (min-width: 981px) 1024px, 100vw\" \/><figcaption class=\"blocks-gallery-item__caption\"><br><br>Rollbare Bank in der Fu\u00dfg\u00e4nger*innen Zone in H\u00f6chst bei Frankfurt. \u00a9Sophie Stein<\/figcaption><\/figure><\/li><li class=\"blocks-gallery-item\"><figure><img loading=\"lazy\" width=\"1024\" height=\"770\" src=\"https:\/\/xn--mobilitts-scouts-1nb.at\/wp-content\/uploads\/2023\/11\/Sitz5-1024x770.jpg\" alt=\"Rollbare Bank in der Fu\u00dfg\u00e4ngerzone H\u00f6chst bei Frankfurt.\" data-id=\"2913\" data-full-url=\"https:\/\/xn--mobilitts-scouts-1nb.at\/wp-content\/uploads\/2023\/11\/Sitz5.jpg\" data-link=\"https:\/\/xn--mobilitts-scouts-1nb.at\/?attachment_id=2913\" class=\"wp-image-2913\" srcset=\"https:\/\/xn--mobilitts-scouts-1nb.at\/wp-content\/uploads\/2023\/11\/Sitz5-980x737.jpg 980w, https:\/\/xn--mobilitts-scouts-1nb.at\/wp-content\/uploads\/2023\/11\/Sitz5-480x361.jpg 480w\" sizes=\"(min-width: 0px) and (max-width: 480px) 480px, (min-width: 481px) and (max-width: 980px) 980px, (min-width: 981px) 1024px, 100vw\" \/><figcaption class=\"blocks-gallery-item__caption\">Rollbare Bank in der Fu\u00dfg\u00e4nger*innen Zone in H\u00f6chst bei Frankfurt. \u00a9Sophie Stein<\/figcaption><\/figure><\/li><li class=\"blocks-gallery-item\"><figure><img loading=\"lazy\" width=\"1024\" height=\"769\" src=\"https:\/\/xn--mobilitts-scouts-1nb.at\/wp-content\/uploads\/2023\/11\/Sitz7-1024x769.jpg\" alt=\"Sitzgelegenheit Dialog.\" data-id=\"2915\" data-full-url=\"https:\/\/xn--mobilitts-scouts-1nb.at\/wp-content\/uploads\/2023\/11\/Sitz7.jpg\" data-link=\"https:\/\/xn--mobilitts-scouts-1nb.at\/?attachment_id=2915\" class=\"wp-image-2915\" srcset=\"https:\/\/xn--mobilitts-scouts-1nb.at\/wp-content\/uploads\/2023\/11\/Sitz7-1024x769.jpg 1024w, https:\/\/xn--mobilitts-scouts-1nb.at\/wp-content\/uploads\/2023\/11\/Sitz7-980x736.jpg 980w, https:\/\/xn--mobilitts-scouts-1nb.at\/wp-content\/uploads\/2023\/11\/Sitz7-480x361.jpg 480w\" sizes=\"(min-width: 0px) and (max-width: 480px) 480px, (min-width: 481px) and (max-width: 980px) 980px, (min-width: 981px) 1024px, 100vw\" \/><figcaption class=\"blocks-gallery-item__caption\">Sitzgelegenheit Dialog. \u00a9Sophie Stein <\/figcaption><\/figure><\/li><\/ul><\/figure>\n\n\n\n<figure class=\"wp-block-gallery columns-3 is-cropped\"><ul class=\"blocks-gallery-grid\"><li class=\"blocks-gallery-item\"><figure><img loading=\"lazy\" width=\"763\" height=\"1014\" src=\"https:\/\/xn--mobilitts-scouts-1nb.at\/wp-content\/uploads\/2023\/11\/Sitz8.jpg\" alt=\"\" data-id=\"2916\" data-link=\"https:\/\/xn--mobilitts-scouts-1nb.at\/?attachment_id=2916\" class=\"wp-image-2916\" srcset=\"https:\/\/xn--mobilitts-scouts-1nb.at\/wp-content\/uploads\/2023\/11\/Sitz8.jpg 763w, https:\/\/xn--mobilitts-scouts-1nb.at\/wp-content\/uploads\/2023\/11\/Sitz8-480x638.jpg 480w\" sizes=\"(min-width: 0px) and (max-width: 480px) 480px, (min-width: 481px) 763px, 100vw\" \/><figcaption class=\"blocks-gallery-item__caption\">Ein Parkplatz wird zum Gr\u00e4tzeltratschplatzerl. \u00a9Sophie Stein<\/figcaption><\/figure><\/li><li class=\"blocks-gallery-item\"><figure><img loading=\"lazy\" width=\"704\" height=\"1024\" src=\"https:\/\/xn--mobilitts-scouts-1nb.at\/wp-content\/uploads\/2023\/11\/Sitz9-704x1024.jpg\" alt=\"\" data-id=\"2917\" data-link=\"https:\/\/xn--mobilitts-scouts-1nb.at\/?attachment_id=2917\" class=\"wp-image-2917\"\/><figcaption class=\"blocks-gallery-item__caption\">Sitzbank in Memoriam. \u00a9Sophie Stein<\/figcaption><\/figure><\/li><li class=\"blocks-gallery-item\"><figure><img loading=\"lazy\" width=\"1024\" height=\"770\" src=\"https:\/\/xn--mobilitts-scouts-1nb.at\/wp-content\/uploads\/2023\/11\/Sitz10-1024x770.jpg\" alt=\"\" data-id=\"2918\" data-link=\"https:\/\/xn--mobilitts-scouts-1nb.at\/?attachment_id=2918\" class=\"wp-image-2918\" srcset=\"https:\/\/xn--mobilitts-scouts-1nb.at\/wp-content\/uploads\/2023\/11\/Sitz10-1024x770.jpg 1024w, https:\/\/xn--mobilitts-scouts-1nb.at\/wp-content\/uploads\/2023\/11\/Sitz10-980x737.jpg 980w, https:\/\/xn--mobilitts-scouts-1nb.at\/wp-content\/uploads\/2023\/11\/Sitz10-480x361.jpg 480w\" sizes=\"(min-width: 0px) and (max-width: 480px) 480px, (min-width: 481px) and (max-width: 980px) 980px, (min-width: 981px) 1024px, 100vw\" \/><figcaption class=\"blocks-gallery-item__caption\"><br><br><br>Sitzpl\u00e4tze mit Tischen und Schattendach. <br>\u00a9Sophie Stein<\/figcaption><\/figure><\/li><li class=\"blocks-gallery-item\"><figure><img loading=\"lazy\" width=\"997\" height=\"1024\" src=\"https:\/\/xn--mobilitts-scouts-1nb.at\/wp-content\/uploads\/2023\/11\/Sitz11-997x1024.jpg\" alt=\"\" data-id=\"2919\" data-link=\"https:\/\/xn--mobilitts-scouts-1nb.at\/?attachment_id=2919\" class=\"wp-image-2919\" srcset=\"https:\/\/xn--mobilitts-scouts-1nb.at\/wp-content\/uploads\/2023\/11\/Sitz11-997x1024.jpg 997w, https:\/\/xn--mobilitts-scouts-1nb.at\/wp-content\/uploads\/2023\/11\/Sitz11-980x1007.jpg 980w, https:\/\/xn--mobilitts-scouts-1nb.at\/wp-content\/uploads\/2023\/11\/Sitz11-480x493.jpg 480w\" sizes=\"(min-width: 0px) and (max-width: 480px) 480px, (min-width: 481px) and (max-width: 980px) 980px, (min-width: 981px) 997px, 100vw\" \/><figcaption class=\"blocks-gallery-item__caption\"><br><br><br><strong>Zwar nicht im \u00d6ffentlichen Raum, aber sehr lobens- und nachahmenswert:<\/strong><br><strong>Eine Sitzgelegenheit f\u00fcr Kunden in einem Gesch\u00e4ft nahe der Kassa<\/strong>.<br>\u00a9Sophie Stein<br>\u00a0<\/figcaption><\/figure><\/li><li class=\"blocks-gallery-item\"><figure><img loading=\"lazy\" width=\"768\" height=\"1024\" src=\"https:\/\/xn--mobilitts-scouts-1nb.at\/wp-content\/uploads\/2023\/11\/Sitz12-768x1024.jpg\" alt=\"\" data-id=\"2930\" data-link=\"https:\/\/xn--mobilitts-scouts-1nb.at\/?attachment_id=2930\" class=\"wp-image-2930\"\/><figcaption class=\"blocks-gallery-item__caption\">Mitfahrbank. @Sophie Stein<\/figcaption><\/figure><\/li><li class=\"blocks-gallery-item\"><figure><img loading=\"lazy\" width=\"1024\" height=\"768\" src=\"https:\/\/xn--mobilitts-scouts-1nb.at\/wp-content\/uploads\/2024\/04\/signal-2024-04-11-000630_002-1024x768.jpeg\" alt=\"\" data-id=\"3073\" data-full-url=\"https:\/\/xn--mobilitts-scouts-1nb.at\/wp-content\/uploads\/2024\/04\/signal-2024-04-11-000630_002.jpeg\" data-link=\"https:\/\/xn--mobilitts-scouts-1nb.at\/?attachment_id=3073\" class=\"wp-image-3073\" srcset=\"https:\/\/xn--mobilitts-scouts-1nb.at\/wp-content\/uploads\/2024\/04\/signal-2024-04-11-000630_002-980x735.jpeg 980w, https:\/\/xn--mobilitts-scouts-1nb.at\/wp-content\/uploads\/2024\/04\/signal-2024-04-11-000630_002-480x360.jpeg 480w\" sizes=\"(min-width: 0px) and (max-width: 480px) 480px, (min-width: 481px) and (max-width: 980px) 980px, (min-width: 981px) 1024px, 100vw\" \/><figcaption class=\"blocks-gallery-item__caption\">Plauderb\u00e4nkli. \u00a9Sophie Stein<\/figcaption><\/figure><\/li><\/ul><\/figure>\n\n\n\n<p><strong>Sie wollen mehr Informationen zu den Aktivit\u00e4ten der Mobilit\u00e4ts-Scouts und\/oder Ihre Ideen und Anliegen mit uns und anderen im world-wide-web teilen?<\/strong> Schreiben Sie an: info@mobilit\u00e4ts-scouts.at, Betreff: Altersfreundliches Wien<\/p>\n","protected":false},"excerpt":{"rendered":"<p>Sitzgelegenheiten im \u00f6ffentlichen Raum laden ein zum k\u00fcrzeren oder l\u00e4ngeren Verweilen, zur Rast, zum Schauen und Beobachten, aber auch zum Gespr\u00e4ch miteinander. Im Folgenden sind einige interessante und inspirierende Beispiele von Sitzgelegenheiten im \u00d6ffentlichen Raum angef\u00fchrt. Sie wollen mehr Informationen zu den Aktivit\u00e4ten der Mobilit\u00e4ts-Scouts und\/oder Ihre Ideen und Anliegen mit uns und anderen im [&hellip;]<\/p>\n","protected":false},"author":14,"featured_media":0,"comment_status":"closed","ping_status":"closed","sticky":false,"template":"","format":"standard","meta":{"_et_pb_use_builder":"","_et_pb_old_content":"","_et_gb_content_width":""},"categories":[31],"tags":[451,452,446,445,444,441,448,442,439,447,443,437,450,438,449,440],"_links":{"self":[{"href":"https:\/\/xn--mobilitts-scouts-1nb.at\/index.php?rest_route=\/wp\/v2\/posts\/2908"}],"collection":[{"href":"https:\/\/xn--mobilitts-scouts-1nb.at\/index.php?rest_route=\/wp\/v2\/posts"}],"about":[{"href":"https:\/\/xn--mobilitts-scouts-1nb.at\/index.php?rest_route=\/wp\/v2\/types\/post"}],"author":[{"embeddable":true,"href":"https:\/\/xn--mobilitts-scouts-1nb.at\/index.php?rest_route=\/wp\/v2\/users\/14"}],"replies":[{"embeddable":true,"href":"https:\/\/xn--mobilitts-scouts-1nb.at\/index.php?rest_route=%2Fwp%2Fv2%2Fcomments&post=2908"}],"version-history":[{"count":10,"href":"https:\/\/xn--mobilitts-scouts-1nb.at\/index.php?rest_route=\/wp\/v2\/posts\/2908\/revisions"}],"predecessor-version":[{"id":3076,"href":"https:\/\/xn--mobilitts-scouts-1nb.at\/index.php?rest_route=\/wp\/v2\/posts\/2908\/revisions\/3076"}],"wp:attachment":[{"href":"https:\/\/xn--mobilitts-scouts-1nb.at\/index.php?rest_route=%2Fwp%2Fv2%2Fmedia&parent=2908"}],"wp:term":[{"taxonomy":"category","embeddable":true,"href":"https:\/\/xn--mobilitts-scouts-1nb.at\/index.php?rest_route=%2Fwp%2Fv2%2Fcategories&post=2908"},{"taxonomy":"post_tag","embeddable":true,"href":"https:\/\/xn--mobilitts-scouts-1nb.at\/index.php?rest_route=%2Fwp%2Fv2%2Ftags&post=2908"}],"curies":[{"name":"wp","href":"https:\/\/api.w.org\/{rel}","templated":true}]}}